{"id":1019,"date":"2022-12-29T17:04:49","date_gmt":"2022-12-29T17:04:49","guid":{"rendered":"https:\/\/www.fundacionagrolibano2.org\/?p=1019"},"modified":"2024-10-29T18:27:37","modified_gmt":"2024-10-29T18:27:37","slug":"cierre-de-programa-de-formacion-alimentacion-consciente-con-el-taller-reconectando-y-revalorizando-mis-sentires-y-recursos-para-vivir-con-salud-y-bienestar","status":"publish","type":"post","link":"https:\/\/fundacionagrolibano.org\/en\/cierre-de-programa-de-formacion-alimentacion-consciente-con-el-taller-reconectando-y-revalorizando-mis-sentires-y-recursos-para-vivir-con-salud-y-bienestar\/","title":{"rendered":"Cierre de programa de formaci\u00f3n Alimentaci\u00f3n Consciente con el taller \u00abReconectando y revalorizando mis sentires y recursos para vivir con salud y bienestar\u201d"},"content":{"rendered":"\n<p>Para Agrol\u00edbano el bienestar de colaboradores y sus familias es clave para la sostenibilidad, es por ello que implementa el programa Unidos Crecemos, el que surge a partir del estudio del IPM empresarial que ha permitido identificar los principales desaf\u00edos a transformar para alcanzar mejores condiciones de vida.<\/p>\n\n\n\n<p>Entre los principales desaf\u00edos identificados est\u00e1, en la dimensi\u00f3n salud, los factores de riesgo ante las enfermedades cr\u00f3nicas no transmisibles. En respuesta, se dise\u00f1a el eje Familias Saludables, en su primera etapa tiene un programa de formaci\u00f3n y acompa\u00f1amiento personalizado sobre Alimentaci\u00f3n Consciente, orientado al bienestar integral. Este proceso de 8 talleres y 5 sesiones personalizadas ha finalizado el 2 de diciembre, logrando la participaci\u00f3n de 104 personas entre colaboradores y familiares. Si bien es la primera etapa, ya se revelan testimonios de cambio hacia una mejor condici\u00f3n de salud.<\/p>\n\n\n\n<p>As\u00ed avanzamos en la transformaci\u00f3n de desaf\u00edos en oportunidades para el bienestar de colaboradores y sus familias, con el prop\u00f3sito de llegar a ser una empresa libre de pobreza multidimensional, contribuyendo a los ODS 1, 2, 3, 4, 5, 6, 8, 16, y 17.<\/p>\n\n\n\n<p><a href=\"https:\/\/www.facebook.com\/hashtag\/unidoscrecemos?__eep__=6&amp;__cft__[0]=AZXc2sHbP0T9omM_COAV8QKAPP809iZKkJ9aE0-0w-5t-2J1yYbWFcIaaTJSa3ES8bFtjXyc5uV-0qm4v89W7yQQVT28_8Yxn17vV9M9AAvx3dh2ESXq1GbveQOpa_nRRaGY2vK2j7jVK0sE42-qzbYUYuJ_LSABQ9_yskR2hV0cyGufgH5_qrPNxSf5cqeIpa2V_14AHr3S3YCvWRbHWhQ9-TMPuBSbdzZVt01dIFOqwQ&amp;__tn__=*NK-R\">#UnidosCrecemos<\/a><\/p>\n\n\n\n<figure class=\"wp-block-embed is-type-video is-provider-youtube wp-block-embed-youtube wp-embed-aspect-16-9 wp-has-aspect-ratio\"><div class=\"wp-block-embed__wrapper\">\n<iframe title=\"Cierre de programa de formaci\u00f3n Alimentaci\u00f3n Consciente\" width=\"1140\" height=\"641\" src=\"https:\/\/www.youtube.com\/embed\/-cwRkRvIOWM?feature=oembed\" frameborder=\"0\" allow=\"accelerometer; autoplay; clipboard-write; encrypted-media; gyroscope; picture-in-picture; web-share\" referrerpolicy=\"strict-origin-when-cross-origin\" allowfullscreen><\/iframe>\n<\/div><\/figure>\n","protected":false},"excerpt":{"rendered":"<p>Para Agrol\u00edbano el bienestar de colaboradores y sus familias es clave para la sostenibilidad, es por ello que implementa el programa Unidos Crecemos, el que surge a partir del estudio del IPM empresarial que ha permitido identificar los principales desaf\u00edos a transformar para alcanzar mejores condiciones de vida. Entre los principales desaf\u00edos identificados est\u00e1, en [&hellip;]<\/p>\n","protected":false},"author":4,"featured_media":28193,"comment_status":"open","ping_status":"open","sticky":false,"template":"","format":"standard","meta":{"footnotes":""},"categories":[3],"tags":[],"class_list":["post-1019","post","type-post","status-publish","format-standard","has-post-thumbnail","hentry","category-sala-de-prensa"],"_links":{"self":[{"href":"https:\/\/fundacionagrolibano.org\/en\/wp-json\/wp\/v2\/posts\/1019","targetHints":{"allow":["GET"]}}],"collection":[{"href":"https:\/\/fundacionagrolibano.org\/en\/wp-json\/wp\/v2\/posts"}],"about":[{"href":"https:\/\/fundacionagrolibano.org\/en\/wp-json\/wp\/v2\/types\/post"}],"author":[{"embeddable":true,"href":"https:\/\/fundacionagrolibano.org\/en\/wp-json\/wp\/v2\/users\/4"}],"replies":[{"embeddable":true,"href":"https:\/\/fundacionagrolibano.org\/en\/wp-json\/wp\/v2\/comments?post=1019"}],"version-history":[{"count":3,"href":"https:\/\/fundacionagrolibano.org\/en\/wp-json\/wp\/v2\/posts\/1019\/revisions"}],"predecessor-version":[{"id":28194,"href":"https:\/\/fundacionagrolibano.org\/en\/wp-json\/wp\/v2\/posts\/1019\/revisions\/28194"}],"wp:featuredmedia":[{"embeddable":true,"href":"https:\/\/fundacionagrolibano.org\/en\/wp-json\/wp\/v2\/media\/28193"}],"wp:attachment":[{"href":"https:\/\/fundacionagrolibano.org\/en\/wp-json\/wp\/v2\/media?parent=1019"}],"wp:term":[{"taxonomy":"category","embeddable":true,"href":"https:\/\/fundacionagrolibano.org\/en\/wp-json\/wp\/v2\/categories?post=1019"},{"taxonomy":"post_tag","embeddable":true,"href":"https:\/\/fundacionagrolibano.org\/en\/wp-json\/wp\/v2\/tags?post=1019"}],"curies":[{"name":"wp","href":"https:\/\/api.w.org\/{rel}","templated":true}]}}