{"id":1022,"date":"2022-11-21T17:09:23","date_gmt":"2022-11-21T17:09:23","guid":{"rendered":"https:\/\/www.fundacionagrolibano2.org\/?p=1022"},"modified":"2024-10-29T18:18:59","modified_gmt":"2024-10-29T18:18:59","slug":"la-directora-de-sostenibilidad-de-agrolibano-y-presidenta-de-fundacion-agrolibano-pamela-molina-ha-recibido-el-premio-del-ano-al-presidente-ejecutivo-en-el-impulso-de-la-sostenibilidad-empr","status":"publish","type":"post","link":"https:\/\/fundacionagrolibano.org\/en\/la-directora-de-sostenibilidad-de-agrolibano-y-presidenta-de-fundacion-agrolibano-pamela-molina-ha-recibido-el-premio-del-ano-al-presidente-ejecutivo-en-el-impulso-de-la-sostenibilidad-empr\/","title":{"rendered":"The director of sustainability of Agrol\u00edbano and president of the Agrol\u00edbano Foundation, Pamela Molina, has received the award of the year for \u201cExecutive President in the promotion of business sustainability\u201d"},"content":{"rendered":"<p>Pamela Molina, Agrol\u00edbano\u2019s sustainability director and president of the Agrol\u00edbano Foundation, has received the award of the year for \u201cExecutive President in promoting business sustainability\u201d, awarded for the first time by FUNDAHRSE at a national level.<\/p>\n\n\n\n<p>The award was received at the ESR Seal ceremony for companies that meet sustainability criteria, where Agrol\u00edbano also received this seal for the tenth consecutive year. This award and two more, awarded for the first time this year, aim to generate incentives that contribute to greater participation by senior management in sustainability management.<\/p>\n\n\n\n<figure class=\"wp-block-embed is-type-video is-provider-youtube wp-block-embed-youtube wp-embed-aspect-16-9 wp-has-aspect-ratio\"><div class=\"wp-block-embed__wrapper\">\n<iframe title=\"Recibimiento del premio \u201cPresidente en el impulso de la sostenibilidad empresarial\u201d,  FUNDAHRSE\" width=\"1140\" height=\"641\" src=\"https:\/\/www.youtube.com\/embed\/CHOTvyFO0zk?feature=oembed\" frameborder=\"0\" allow=\"accelerometer; autoplay; clipboard-write; encrypted-media; gyroscope; picture-in-picture; web-share\" referrerpolicy=\"strict-origin-when-cross-origin\" allowfullscreen><\/iframe>\n<\/div><\/figure>","protected":false},"excerpt":{"rendered":"<p>La directora de sostenibilidad de Agrol\u00edbano y presidenta de Fundaci\u00f3n Agrol\u00edbano, Pamela Molina, ha recibido el premio del a\u00f1o al \u201cPresidente ejecutivo en el impulso de la sostenibilidad empresarial\u201d, otorgado por primera vez por FUNDAHRSE a nivel nacional. El premio fue recibido en la ceremonia de entrega del Sello ESR a las empresas que cumplen [&hellip;]<\/p>\n","protected":false},"author":4,"featured_media":28171,"comment_status":"open","ping_status":"open","sticky":false,"template":"","format":"standard","meta":{"footnotes":""},"categories":[3],"tags":[],"class_list":["post-1022","post","type-post","status-publish","format-standard","has-post-thumbnail","hentry","category-sala-de-prensa"],"_links":{"self":[{"href":"https:\/\/fundacionagrolibano.org\/en\/wp-json\/wp\/v2\/posts\/1022","targetHints":{"allow":["GET"]}}],"collection":[{"href":"https:\/\/fundacionagrolibano.org\/en\/wp-json\/wp\/v2\/posts"}],"about":[{"href":"https:\/\/fundacionagrolibano.org\/en\/wp-json\/wp\/v2\/types\/post"}],"author":[{"embeddable":true,"href":"https:\/\/fundacionagrolibano.org\/en\/wp-json\/wp\/v2\/users\/4"}],"replies":[{"embeddable":true,"href":"https:\/\/fundacionagrolibano.org\/en\/wp-json\/wp\/v2\/comments?post=1022"}],"version-history":[{"count":4,"href":"https:\/\/fundacionagrolibano.org\/en\/wp-json\/wp\/v2\/posts\/1022\/revisions"}],"predecessor-version":[{"id":28172,"href":"https:\/\/fundacionagrolibano.org\/en\/wp-json\/wp\/v2\/posts\/1022\/revisions\/28172"}],"wp:featuredmedia":[{"embeddable":true,"href":"https:\/\/fundacionagrolibano.org\/en\/wp-json\/wp\/v2\/media\/28171"}],"wp:attachment":[{"href":"https:\/\/fundacionagrolibano.org\/en\/wp-json\/wp\/v2\/media?parent=1022"}],"wp:term":[{"taxonomy":"category","embeddable":true,"href":"https:\/\/fundacionagrolibano.org\/en\/wp-json\/wp\/v2\/categories?post=1022"},{"taxonomy":"post_tag","embeddable":true,"href":"https:\/\/fundacionagrolibano.org\/en\/wp-json\/wp\/v2\/tags?post=1022"}],"curies":[{"name":"wp","href":"https:\/\/api.w.org\/{rel}","templated":true}]}}