{"id":1025,"date":"2022-11-21T17:12:15","date_gmt":"2022-11-21T17:12:15","guid":{"rendered":"https:\/\/www.fundacionagrolibano2.org\/?p=1025"},"modified":"2024-10-29T18:19:23","modified_gmt":"2024-10-29T18:19:23","slug":"agrolibano-recibe-el-sello-esr-por-decimo-ano-consecutivo","status":"publish","type":"post","link":"https:\/\/fundacionagrolibano.org\/en\/agrolibano-recibe-el-sello-esr-por-decimo-ano-consecutivo\/","title":{"rendered":"Agrol\u00edbano receives the ESR Seal for the tenth consecutive year"},"content":{"rendered":"\n<p>Este 17 de noviembre, Agrol\u00edbano recibi\u00f3 el sello FUNDAHRSE de Empresa Socialmente Responsable, que se otorga cada a\u00f1o como reconocimiento a las empresas que demuestran en la pr\u00e1ctica su compromiso con la RSE y la sostenibilidad, seg\u00fan auditor\u00eda externa basada en la Norma ISO26000. En el evento tambi\u00e9n recibi\u00f3 una placa de reconocimiento por la obtenci\u00f3n durante diez consecutivos del sello ESR.<\/p>\n\n\n\n<p>Agrol\u00edbano, empresa que genera m\u00e1s de 6,000 empleos en el sur de Honduras, se ha comprometido con la reducci\u00f3n de la pobreza multidimensional dentro y alrededor de los centros de operaciones, implementa estrategias que contribuyen a la lucha contra el cambio clim\u00e1tico y promueve valores \u00e9ticos que construyen una cultura anticorrupci\u00f3n.<\/p>\n\n\n\n<p><a href=\"https:\/\/www.facebook.com\/hashtag\/agrolibano?__eep__=6&amp;__cft__[0]=AZW34sk2HvMokTVrju5J9x4PNhmTKyRdZYoHkL9ocNm0BZ5brnXtziEzj2aTyx24EsvznAw0n6ibYb0G8O7VNqiNu-yhGncbFKyUvpUUgWcEVVUKriZ_RK1D2ahWa-Ur5nN00MX58LPqtk_qMi6LpiMfvdRhzWCwYCxjlb6V70gPjULdf4A-LOKrAWZViI8sTMZUIiKRT16wBrz8TkrXmCd_&amp;__tn__=*NK-R\">#Agrolibano<\/a><a href=\"https:\/\/l.facebook.com\/l.php?u=http%3A%2F%2Fwww.agrolibano.com%2F%3Ffbclid%3DIwAR1Trv9nkyCCpXFA6Dtph3OE6RbdPDIhjPPFMDHUAbweOGdcq75qc2grplI&amp;h=AT1ye4dwAuTzU3tOnq8HAKsnyCbAYUq-eGDGToQboVLGep1qqRAzlFsxI2DqfLk8sOgT5to2A2DaIyIF8gRt8Hx83dxH-pMBLlT8l5W8GMrf0VVAvrELoZC-dT3H_fwmO_s8&amp;__tn__=-UK-R&amp;c[0]=AT2Jhv3rGuica70CqaZoxt3fp2SQfKPFKzd6Reeo5IBvtLEZI5U1AiUnfEGTdTSIGacMglPwewjILPm4tTNjaBLqDr8rEDLXlbhtXDlYorzlIsvlBAy8MVFYEtjLvib4dQK_L4kVYzoepbNaOMFaOl4HaL5lAxKSBcIQTby1L3hxVEeQpWVg4jfDx84p12pi20S7-lOgaQwpAdpsUmrFc7HSlQVYnNUaBj5A51k\" target=\"_blank\" rel=\"noreferrer noopener\">www.agrolibano.com<\/a><\/p>\n","protected":false},"excerpt":{"rendered":"<p>Este 17 de noviembre, Agrol\u00edbano recibi\u00f3 el sello FUNDAHRSE de Empresa Socialmente Responsable, que se otorga cada a\u00f1o como reconocimiento a las empresas que demuestran en la pr\u00e1ctica su compromiso con la RSE y la sostenibilidad, seg\u00fan auditor\u00eda externa basada en la Norma ISO26000. En el evento tambi\u00e9n recibi\u00f3 una placa de reconocimiento por la [&hellip;]<\/p>\n","protected":false},"author":4,"featured_media":1027,"comment_status":"open","ping_status":"open","sticky":false,"template":"","format":"standard","meta":{"footnotes":""},"categories":[3],"tags":[],"class_list":["post-1025","post","type-post","status-publish","format-standard","has-post-thumbnail","hentry","category-sala-de-prensa"],"_links":{"self":[{"href":"https:\/\/fundacionagrolibano.org\/en\/wp-json\/wp\/v2\/posts\/1025","targetHints":{"allow":["GET"]}}],"collection":[{"href":"https:\/\/fundacionagrolibano.org\/en\/wp-json\/wp\/v2\/posts"}],"about":[{"href":"https:\/\/fundacionagrolibano.org\/en\/wp-json\/wp\/v2\/types\/post"}],"author":[{"embeddable":true,"href":"https:\/\/fundacionagrolibano.org\/en\/wp-json\/wp\/v2\/users\/4"}],"replies":[{"embeddable":true,"href":"https:\/\/fundacionagrolibano.org\/en\/wp-json\/wp\/v2\/comments?post=1025"}],"version-history":[{"count":4,"href":"https:\/\/fundacionagrolibano.org\/en\/wp-json\/wp\/v2\/posts\/1025\/revisions"}],"predecessor-version":[{"id":28174,"href":"https:\/\/fundacionagrolibano.org\/en\/wp-json\/wp\/v2\/posts\/1025\/revisions\/28174"}],"wp:featuredmedia":[{"embeddable":true,"href":"https:\/\/fundacionagrolibano.org\/en\/wp-json\/wp\/v2\/media\/1027"}],"wp:attachment":[{"href":"https:\/\/fundacionagrolibano.org\/en\/wp-json\/wp\/v2\/media?parent=1025"}],"wp:term":[{"taxonomy":"category","embeddable":true,"href":"https:\/\/fundacionagrolibano.org\/en\/wp-json\/wp\/v2\/categories?post=1025"},{"taxonomy":"post_tag","embeddable":true,"href":"https:\/\/fundacionagrolibano.org\/en\/wp-json\/wp\/v2\/tags?post=1025"}],"curies":[{"name":"wp","href":"https:\/\/api.w.org\/{rel}","templated":true}]}}