{"id":1041,"date":"2022-06-22T17:53:29","date_gmt":"2022-06-22T17:53:29","guid":{"rendered":"https:\/\/www.fundacionagrolibano2.org\/?p=1041"},"modified":"2024-10-29T18:02:00","modified_gmt":"2024-10-29T18:02:00","slug":"fundacion-agrolibano-comparte-con-la-gobernacion-departamental-de-valle-sobre-su-actuar-en-beneficio-de-los-mas-vulnerables","status":"publish","type":"post","link":"https:\/\/fundacionagrolibano.org\/en\/fundacion-agrolibano-comparte-con-la-gobernacion-departamental-de-valle-sobre-su-actuar-en-beneficio-de-los-mas-vulnerables\/","title":{"rendered":"Agrol\u00edbano Foundation shares with the Departmental Government of Valle about its actions to benefit the most vulnerable."},"content":{"rendered":"<p>In order to share with the new departmental authorities the programs implemented by Fundaci\u00f3n Agrol\u00edbano in the Southern Zone of Honduras, a meeting was held with the new Governor of Valle; Gonzalo Posadas and the Deputy for the Department of Valle N\u00e9stor Yanes on Thursday, June 16.<\/p>\n\n\n\n<p>This approach strengthens alliances for the sustainable development of communities, thus contributing to the goals of SDG 17.<\/p>","protected":false},"excerpt":{"rendered":"<p>Con el objetivo de compartir con las nuevas autoridades departamentales los programas que implementa Fundaci\u00f3n Agrol\u00edbano en la Zona Sur de Honduras, se realiz\u00f3 reuni\u00f3n con el nuevo Gobernador de Valle; Gonzalo Posadas y el Diputado por el Departamento de Valle N\u00e9stor Yanes el jueves 16 de junio. Con este acercamiento se fortalecen las alianzas [&hellip;]<\/p>\n","protected":false},"author":4,"featured_media":1043,"comment_status":"open","ping_status":"open","sticky":false,"template":"","format":"standard","meta":{"footnotes":""},"categories":[3],"tags":[],"class_list":["post-1041","post","type-post","status-publish","format-standard","has-post-thumbnail","hentry","category-sala-de-prensa"],"_links":{"self":[{"href":"https:\/\/fundacionagrolibano.org\/en\/wp-json\/wp\/v2\/posts\/1041","targetHints":{"allow":["GET"]}}],"collection":[{"href":"https:\/\/fundacionagrolibano.org\/en\/wp-json\/wp\/v2\/posts"}],"about":[{"href":"https:\/\/fundacionagrolibano.org\/en\/wp-json\/wp\/v2\/types\/post"}],"author":[{"embeddable":true,"href":"https:\/\/fundacionagrolibano.org\/en\/wp-json\/wp\/v2\/users\/4"}],"replies":[{"embeddable":true,"href":"https:\/\/fundacionagrolibano.org\/en\/wp-json\/wp\/v2\/comments?post=1041"}],"version-history":[{"count":3,"href":"https:\/\/fundacionagrolibano.org\/en\/wp-json\/wp\/v2\/posts\/1041\/revisions"}],"predecessor-version":[{"id":28136,"href":"https:\/\/fundacionagrolibano.org\/en\/wp-json\/wp\/v2\/posts\/1041\/revisions\/28136"}],"wp:featuredmedia":[{"embeddable":true,"href":"https:\/\/fundacionagrolibano.org\/en\/wp-json\/wp\/v2\/media\/1043"}],"wp:attachment":[{"href":"https:\/\/fundacionagrolibano.org\/en\/wp-json\/wp\/v2\/media?parent=1041"}],"wp:term":[{"taxonomy":"category","embeddable":true,"href":"https:\/\/fundacionagrolibano.org\/en\/wp-json\/wp\/v2\/categories?post=1041"},{"taxonomy":"post_tag","embeddable":true,"href":"https:\/\/fundacionagrolibano.org\/en\/wp-json\/wp\/v2\/tags?post=1041"}],"curies":[{"name":"wp","href":"https:\/\/api.w.org\/{rel}","templated":true}]}}