{"id":1068,"date":"2023-02-28T17:47:49","date_gmt":"2023-02-28T17:47:49","guid":{"rendered":"https:\/\/www.fundacionagrolibano2.org\/?p=1068"},"modified":"2024-10-29T18:29:42","modified_gmt":"2024-10-29T18:29:42","slug":"fortalecimiento-al-comite-de-microcuenca-namasigue","status":"publish","type":"post","link":"https:\/\/fundacionagrolibano.org\/en\/fortalecimiento-al-comite-de-microcuenca-namasigue\/","title":{"rendered":"Strengthening the Namasig\u00fce Microbasin Committee"},"content":{"rendered":"<p>Agrol\u00edbano Foundation, within the framework of the Program to Strengthen Citizen Participation for Peace and Development (FOPACDE) and in alliance with the Namasig\u00fce Microbasin Council, during the month of February 2023, concluded 3 training days aimed at the application of its internal regulations, which strengthens the empowerment of the functions of the council representatives to promote the plan in favor of the care of the environment and water resources, all this within the framework of the Conservation and protection of water resources project, linked to 3 micro-basins of Namasig\u00fce and Calaire in Choluteca and Baja Grande in Valle.<\/p>\n\n\n\n<p>This project is implemented with the support of the Territorial Water Governance Program in Region 13 Gulf of Fonseca and the technical and financial support of the Swiss Agency for Development and Cooperation - COSUDE, contributing to SDGs #6, 15, 16, and 17.<\/p>","protected":false},"excerpt":{"rendered":"<p>Fundaci\u00f3n Agrol\u00edbano en el marco del Programa Fortalecimiento de la Participaci\u00f3n Ciudadana para la Paz y el Desarrollo (FOPACDE) y en alianza con el Consejo de Microcuenca de Namasig\u00fce, durante el mes de febrero de 2023, concluyeron 3 jornadas de capacitaci\u00f3n orientadas a la aplicaci\u00f3n de su reglamento interno, que fortalece el empoderamiento de las [&hellip;]<\/p>\n","protected":false},"author":4,"featured_media":1580,"comment_status":"open","ping_status":"open","sticky":false,"template":"","format":"standard","meta":{"footnotes":""},"categories":[3],"tags":[],"class_list":["post-1068","post","type-post","status-publish","format-standard","has-post-thumbnail","hentry","category-sala-de-prensa"],"_links":{"self":[{"href":"https:\/\/fundacionagrolibano.org\/en\/wp-json\/wp\/v2\/posts\/1068","targetHints":{"allow":["GET"]}}],"collection":[{"href":"https:\/\/fundacionagrolibano.org\/en\/wp-json\/wp\/v2\/posts"}],"about":[{"href":"https:\/\/fundacionagrolibano.org\/en\/wp-json\/wp\/v2\/types\/post"}],"author":[{"embeddable":true,"href":"https:\/\/fundacionagrolibano.org\/en\/wp-json\/wp\/v2\/users\/4"}],"replies":[{"embeddable":true,"href":"https:\/\/fundacionagrolibano.org\/en\/wp-json\/wp\/v2\/comments?post=1068"}],"version-history":[{"count":3,"href":"https:\/\/fundacionagrolibano.org\/en\/wp-json\/wp\/v2\/posts\/1068\/revisions"}],"predecessor-version":[{"id":28200,"href":"https:\/\/fundacionagrolibano.org\/en\/wp-json\/wp\/v2\/posts\/1068\/revisions\/28200"}],"wp:featuredmedia":[{"embeddable":true,"href":"https:\/\/fundacionagrolibano.org\/en\/wp-json\/wp\/v2\/media\/1580"}],"wp:attachment":[{"href":"https:\/\/fundacionagrolibano.org\/en\/wp-json\/wp\/v2\/media?parent=1068"}],"wp:term":[{"taxonomy":"category","embeddable":true,"href":"https:\/\/fundacionagrolibano.org\/en\/wp-json\/wp\/v2\/categories?post=1068"},{"taxonomy":"post_tag","embeddable":true,"href":"https:\/\/fundacionagrolibano.org\/en\/wp-json\/wp\/v2\/tags?post=1068"}],"curies":[{"name":"wp","href":"https:\/\/api.w.org\/{rel}","templated":true}]}}