{"id":1080,"date":"2023-03-30T17:58:19","date_gmt":"2023-03-30T17:58:19","guid":{"rendered":"https:\/\/www.fundacionagrolibano2.org\/?p=1080"},"modified":"2024-10-29T18:39:03","modified_gmt":"2024-10-29T18:39:03","slug":"fortalecimiento-del-comite-de-microcuenca-calaire","status":"publish","type":"post","link":"https:\/\/fundacionagrolibano.org\/en\/fortalecimiento-del-comite-de-microcuenca-calaire\/","title":{"rendered":"Strengthening the Calaire Microbasin Committee"},"content":{"rendered":"<p>Within the framework of the Program to Strengthen Citizen Participation for Peace and Development (FOPACDE), the Calaire Microbasin Council has completed a training process aimed at the application of its internal regulations, which facilitates the empowerment of the functions of its members to promote the plan in favor of the care of the environment and water resources, while leading the project to build 16 linear meters of a retaining wall or curtain to prevent erosion in the area of \u200b\u200bthe community's water source recharge zone.<\/p>\n\n\n\n<p>The strengthening process is part of the Conservation and Protection of Water Resources project, linked to 3 micro-basins: Namasig\u00fce and Calaire in Choluteca and Baja Grande de Nacaome in Valle, implemented by Fundaci\u00f3n Agrol\u00edbano with the support of the Territorial Water Governance Program in Region 13 Gulf of Fonseca and the technical and financial support of the Swiss Agency for Development and Cooperation - COSUDE, contributing to SDGs 6, 13, 15, 16, and 17.<\/p>","protected":false},"excerpt":{"rendered":"<p>En el marco del Programa Fortalecimiento de la Participaci\u00f3n Ciudadana para la Paz y el Desarrollo (FOPACDE), el Consejo de Microcuenca Calaire ha concluido proceso de capacitaci\u00f3n orientado a la aplicaci\u00f3n de su reglamento interno, que facilita el empoderamiento de las funciones de sus miembros para impulsar el plan a favor del cuidado del medio [&hellip;]<\/p>\n","protected":false},"author":4,"featured_media":1592,"comment_status":"open","ping_status":"open","sticky":false,"template":"","format":"standard","meta":{"footnotes":""},"categories":[3],"tags":[],"class_list":["post-1080","post","type-post","status-publish","format-standard","has-post-thumbnail","hentry","category-sala-de-prensa"],"_links":{"self":[{"href":"https:\/\/fundacionagrolibano.org\/en\/wp-json\/wp\/v2\/posts\/1080","targetHints":{"allow":["GET"]}}],"collection":[{"href":"https:\/\/fundacionagrolibano.org\/en\/wp-json\/wp\/v2\/posts"}],"about":[{"href":"https:\/\/fundacionagrolibano.org\/en\/wp-json\/wp\/v2\/types\/post"}],"author":[{"embeddable":true,"href":"https:\/\/fundacionagrolibano.org\/en\/wp-json\/wp\/v2\/users\/4"}],"replies":[{"embeddable":true,"href":"https:\/\/fundacionagrolibano.org\/en\/wp-json\/wp\/v2\/comments?post=1080"}],"version-history":[{"count":3,"href":"https:\/\/fundacionagrolibano.org\/en\/wp-json\/wp\/v2\/posts\/1080\/revisions"}],"predecessor-version":[{"id":28207,"href":"https:\/\/fundacionagrolibano.org\/en\/wp-json\/wp\/v2\/posts\/1080\/revisions\/28207"}],"wp:featuredmedia":[{"embeddable":true,"href":"https:\/\/fundacionagrolibano.org\/en\/wp-json\/wp\/v2\/media\/1592"}],"wp:attachment":[{"href":"https:\/\/fundacionagrolibano.org\/en\/wp-json\/wp\/v2\/media?parent=1080"}],"wp:term":[{"taxonomy":"category","embeddable":true,"href":"https:\/\/fundacionagrolibano.org\/en\/wp-json\/wp\/v2\/categories?post=1080"},{"taxonomy":"post_tag","embeddable":true,"href":"https:\/\/fundacionagrolibano.org\/en\/wp-json\/wp\/v2\/tags?post=1080"}],"curies":[{"name":"wp","href":"https:\/\/api.w.org\/{rel}","templated":true}]}}