{"id":1087,"date":"2023-04-26T18:04:47","date_gmt":"2023-04-26T18:04:47","guid":{"rendered":"https:\/\/www.fundacionagrolibano2.org\/?p=1087"},"modified":"2024-10-29T18:41:48","modified_gmt":"2024-10-29T18:41:48","slug":"7-centros-de-educacion-alternativa-continuan-ano-lectivo-2023-en-5-comunidades-de-valle-y-choluteca","status":"publish","type":"post","link":"https:\/\/fundacionagrolibano.org\/en\/7-centros-de-educacion-alternativa-continuan-ano-lectivo-2023-en-5-comunidades-de-valle-y-choluteca\/","title":{"rendered":"7 Alternative Education Centers continue the 2023 school year, in 5 communities of Valle and Choluteca."},"content":{"rendered":"<p>With community support and the Agrol\u00edbano Foundation, 7 alternative education centers are being sponsored within the framework of the AEGES program (Access to Education for Socially Excluded Groups), benefiting 24 preschool-aged children and 42 adolescents and young people who will have access to improve their level of schooling to basic education and diversified cycle respectively, thus contributing to Sustainable Development Goals #4, 16 and 17.<\/p>\n\n\n\n<figure class=\"wp-block-embed is-type-video is-provider-youtube wp-block-embed-youtube wp-embed-aspect-16-9 wp-has-aspect-ratio\"><div class=\"wp-block-embed__wrapper\">\n<iframe title=\"7 Centros de Educaci\u00f3n Alternativa contin\u00faan a\u00f1o lectivo 2023, en 5 comunidades de Valle y Choluteca\" width=\"1140\" height=\"641\" src=\"https:\/\/www.youtube.com\/embed\/hf4Yv-6wtM4?feature=oembed\" frameborder=\"0\" allow=\"accelerometer; autoplay; clipboard-write; encrypted-media; gyroscope; picture-in-picture; web-share\" referrerpolicy=\"strict-origin-when-cross-origin\" allowfullscreen><\/iframe>\n<\/div><\/figure>","protected":false},"excerpt":{"rendered":"<p>Con apoyo comunitario y de Fundaci\u00f3n Agrol\u00edbano se est\u00e1 auspiciando 7 centros de educaci\u00f3n alternativa en el marco del programa AEGES (Acceso a Educaci\u00f3n a Grupos en Exclusi\u00f3n Social) beneficiando a 24 ni\u00f1os en edad de preescolar y 42 adolescentes y j\u00f3venes que podr\u00e1n tener acceso a mejorar su nivel de escolaridad a educaci\u00f3n b\u00e1sica [&hellip;]<\/p>\n","protected":false},"author":4,"featured_media":28212,"comment_status":"open","ping_status":"open","sticky":false,"template":"","format":"standard","meta":{"footnotes":""},"categories":[3],"tags":[],"class_list":["post-1087","post","type-post","status-publish","format-standard","has-post-thumbnail","hentry","category-sala-de-prensa"],"_links":{"self":[{"href":"https:\/\/fundacionagrolibano.org\/en\/wp-json\/wp\/v2\/posts\/1087","targetHints":{"allow":["GET"]}}],"collection":[{"href":"https:\/\/fundacionagrolibano.org\/en\/wp-json\/wp\/v2\/posts"}],"about":[{"href":"https:\/\/fundacionagrolibano.org\/en\/wp-json\/wp\/v2\/types\/post"}],"author":[{"embeddable":true,"href":"https:\/\/fundacionagrolibano.org\/en\/wp-json\/wp\/v2\/users\/4"}],"replies":[{"embeddable":true,"href":"https:\/\/fundacionagrolibano.org\/en\/wp-json\/wp\/v2\/comments?post=1087"}],"version-history":[{"count":4,"href":"https:\/\/fundacionagrolibano.org\/en\/wp-json\/wp\/v2\/posts\/1087\/revisions"}],"predecessor-version":[{"id":28213,"href":"https:\/\/fundacionagrolibano.org\/en\/wp-json\/wp\/v2\/posts\/1087\/revisions\/28213"}],"wp:featuredmedia":[{"embeddable":true,"href":"https:\/\/fundacionagrolibano.org\/en\/wp-json\/wp\/v2\/media\/28212"}],"wp:attachment":[{"href":"https:\/\/fundacionagrolibano.org\/en\/wp-json\/wp\/v2\/media?parent=1087"}],"wp:term":[{"taxonomy":"category","embeddable":true,"href":"https:\/\/fundacionagrolibano.org\/en\/wp-json\/wp\/v2\/categories?post=1087"},{"taxonomy":"post_tag","embeddable":true,"href":"https:\/\/fundacionagrolibano.org\/en\/wp-json\/wp\/v2\/tags?post=1087"}],"curies":[{"name":"wp","href":"https:\/\/api.w.org\/{rel}","templated":true}]}}