{"id":1118,"date":"2023-05-18T19:17:04","date_gmt":"2023-05-18T19:17:04","guid":{"rendered":"https:\/\/www.fundacionagrolibano2.org\/?p=1118"},"modified":"2024-10-29T18:45:26","modified_gmt":"2024-10-29T18:45:26","slug":"agrolibano-presenta-rendicion-de-cuentas-de-su-inversion","status":"publish","type":"post","link":"https:\/\/fundacionagrolibano.org\/en\/agrolibano-presenta-rendicion-de-cuentas-de-su-inversion\/","title":{"rendered":"Agrol\u00edbano presents accountability of its investment"},"content":{"rendered":"\n<p>El d\u00eda de ayer, 17 de mayo de 2023, Agrol\u00edbano ha presentado su rendici\u00f3n de cuentas de la inversi\u00f3n social que realiza a trav\u00e9s de la Fundaci\u00f3n Agrol\u00edbano, donde se compartieron los resultados de la gesti\u00f3n del a\u00f1o 2022 ante representantes de diferentes grupos de inter\u00e9s, como aliados, donantes, actores locales, entidades p\u00fablicas, empresas privadas, poblaciones meta e invitados especiales, entre otros, cumpliendo as\u00ed con el principio de transparencia que les ha caracterizado.<br><\/p>\n\n\n\n<p>En el evento, se compartieron los fundamentos de la inversi\u00f3n social, la cual se enfoca a la reducci\u00f3n de la pobreza multidimensional y est\u00e1 alineada a los ODS; las caracter\u00edsticas de la pobreza en las comunidades seg\u00fan el IPM y los resultados de la gesti\u00f3n del a\u00f1o 2022 seg\u00fan los indicadores que miden anualmente.<\/p>\n\n\n\n<p>Puedes ver el video del evento en el siguiente enlace: <a href=\"https:\/\/l.facebook.com\/l.php?u=https%3A%2F%2Fyoutu.be%2FX5zZaY_-9c0%3Ffbclid%3DIwAR0SybyGo9wy0ek1DiaCCCSjqJcIYQvjYMoOYaSiShStmeblS_swxhKFuxo&amp;h=AT1MSTUp3M7qdyZUqZR3z0FI5fLrVfXvi5oLpAQMQjHOGSzIQXtRXU75BdfO1Tv5N1NKFPB2dae6v876XHZD6zVT4bAIfPLiX4HSscOdUh0uutgT1EGn40yX2uv_P88h0Y5M&amp;__tn__=-UK-R&amp;c[0]=AT39uAS9eSJuBctUOgpqpHkI_1a-a7bfnlwREMsh2807qjPiG_YbqIGWviLV0FLRXC7uafIOTuyIceE-nyO81iFX9PYzkUXNWSXGVgO0nAX3ty2N4eIVl0PzIEEiqIpDgASlC2v8jSSKTfapZDnYHM0cfaarbOdHxKKde6edT8xRmxy1c1Y-sSs_UVXmnXd1fSSbpNo2sVf19w\" target=\"_blank\" rel=\"noreferrer noopener\">https:\/\/youtu.be\/X5zZaY_-9c0<\/a><\/p>\n\n\n\n<p>Tambi\u00e9n puedes enterarte de los detalles presentados en la rendici\u00f3n de cuentas a trav\u00e9s de la p\u00e1gina web: <a href=\"https:\/\/l.facebook.com\/l.php?u=http%3A%2F%2Ffundacionagrolibano.org%2F%3Ffbclid%3DIwAR3eZ12QaI6tfNkGvEapsMjrUEJuJCD4XIK3PYiqlo6JYxVf5qiWbkBUOhw&amp;h=AT2R2t_fnvuXssc9WQgOPFztJsrYFvBxhMBRzZwz88I9GnJKsADPwY0TSKoykLQDoNqtFdFuVdSCZk8SybMoyBDsRmSXqThxx1wltMo2nDDq1rqzDWlW_Q3MpOQyA9Zf0oRf&amp;__tn__=-UK-R&amp;c[0]=AT39uAS9eSJuBctUOgpqpHkI_1a-a7bfnlwREMsh2807qjPiG_YbqIGWviLV0FLRXC7uafIOTuyIceE-nyO81iFX9PYzkUXNWSXGVgO0nAX3ty2N4eIVl0PzIEEiqIpDgASlC2v8jSSKTfapZDnYHM0cfaarbOdHxKKde6edT8xRmxy1c1Y-sSs_UVXmnXd1fSSbpNo2sVf19w\" target=\"_blank\" rel=\"noreferrer noopener\">fundacionagrolibano.org<\/a><\/p>\n\n\n\n<figure class=\"wp-block-embed is-type-video is-provider-youtube wp-block-embed-youtube wp-embed-aspect-16-9 wp-has-aspect-ratio\"><div class=\"wp-block-embed__wrapper\">\n<iframe title=\"Agrol\u00edbano presenta rendici\u00f3n de cuentas de su inversi\u00f3n social\" width=\"1140\" height=\"641\" src=\"https:\/\/www.youtube.com\/embed\/X5zZaY_-9c0?feature=oembed\" frameborder=\"0\" allow=\"accelerometer; autoplay; clipboard-write; encrypted-media; gyroscope; picture-in-picture; web-share\" referrerpolicy=\"strict-origin-when-cross-origin\" allowfullscreen><\/iframe>\n<\/div><\/figure>\n","protected":false},"excerpt":{"rendered":"<p>El d\u00eda de ayer, 17 de mayo de 2023, Agrol\u00edbano ha presentado su rendici\u00f3n de cuentas de la inversi\u00f3n social que realiza a trav\u00e9s de la Fundaci\u00f3n Agrol\u00edbano, donde se compartieron los resultados de la gesti\u00f3n del a\u00f1o 2022 ante representantes de diferentes grupos de inter\u00e9s, como aliados, donantes, actores locales, entidades p\u00fablicas, empresas privadas, [&hellip;]<\/p>\n","protected":false},"author":4,"featured_media":28218,"comment_status":"open","ping_status":"open","sticky":false,"template":"","format":"standard","meta":{"footnotes":""},"categories":[3],"tags":[],"class_list":["post-1118","post","type-post","status-publish","format-standard","has-post-thumbnail","hentry","category-sala-de-prensa"],"_links":{"self":[{"href":"https:\/\/fundacionagrolibano.org\/en\/wp-json\/wp\/v2\/posts\/1118","targetHints":{"allow":["GET"]}}],"collection":[{"href":"https:\/\/fundacionagrolibano.org\/en\/wp-json\/wp\/v2\/posts"}],"about":[{"href":"https:\/\/fundacionagrolibano.org\/en\/wp-json\/wp\/v2\/types\/post"}],"author":[{"embeddable":true,"href":"https:\/\/fundacionagrolibano.org\/en\/wp-json\/wp\/v2\/users\/4"}],"replies":[{"embeddable":true,"href":"https:\/\/fundacionagrolibano.org\/en\/wp-json\/wp\/v2\/comments?post=1118"}],"version-history":[{"count":4,"href":"https:\/\/fundacionagrolibano.org\/en\/wp-json\/wp\/v2\/posts\/1118\/revisions"}],"predecessor-version":[{"id":28219,"href":"https:\/\/fundacionagrolibano.org\/en\/wp-json\/wp\/v2\/posts\/1118\/revisions\/28219"}],"wp:featuredmedia":[{"embeddable":true,"href":"https:\/\/fundacionagrolibano.org\/en\/wp-json\/wp\/v2\/media\/28218"}],"wp:attachment":[{"href":"https:\/\/fundacionagrolibano.org\/en\/wp-json\/wp\/v2\/media?parent=1118"}],"wp:term":[{"taxonomy":"category","embeddable":true,"href":"https:\/\/fundacionagrolibano.org\/en\/wp-json\/wp\/v2\/categories?post=1118"},{"taxonomy":"post_tag","embeddable":true,"href":"https:\/\/fundacionagrolibano.org\/en\/wp-json\/wp\/v2\/tags?post=1118"}],"curies":[{"name":"wp","href":"https:\/\/api.w.org\/{rel}","templated":true}]}}