{"id":1130,"date":"2023-05-31T19:50:37","date_gmt":"2023-05-31T19:50:37","guid":{"rendered":"https:\/\/www.fundacionagrolibano2.org\/?p=1130"},"modified":"2024-10-29T18:48:15","modified_gmt":"2024-10-29T18:48:15","slug":"comunidades-reforestan-para-proteger-su-recurso-hidrico","status":"publish","type":"post","link":"https:\/\/fundacionagrolibano.org\/en\/comunidades-reforestan-para-proteger-su-recurso-hidrico\/","title":{"rendered":"Communities reforest to protect their water resources"},"content":{"rendered":"<p>More than 200 community leaders from San Agust\u00edn in Namasig\u00fce, Laurelada, Agua Agria # 2 and El Porvenir in El Corpus and members of two micro-basin committees from these municipalities have planted 2,480 fruit and timber plants. The plants were produced in community nurseries with the project \u201cConservation and protection of water resources, linked to 3 micro-basins, Namasig\u00fce in the municipality of Namasig\u00fce, Calaire in El Corpus in Choluteca and Baja Grande de Nacaome, in Valle\u201d.<\/p>\n\n\n\n<p>These actions are supported by the PGHTR13GF and have the technical and financial support of the Swiss Agency for Development and Cooperation \u2013 COSUDE and contribute to the achievement of SDG #13 Climate Action, #15 Terrestrial Ecosystems and #17 Partnerships to achieve the goals.<\/p>\n\n\n\n<figure class=\"wp-block-embed is-type-video is-provider-youtube wp-block-embed-youtube wp-embed-aspect-16-9 wp-has-aspect-ratio\"><div class=\"wp-block-embed__wrapper\">\n<iframe title=\"Communities reforest to protect their water resources\" width=\"1140\" height=\"641\" src=\"https:\/\/www.youtube.com\/embed\/bEhE_pKmoao?feature=oembed\" frameborder=\"0\" allow=\"accelerometer; autoplay; clipboard-write; encrypted-media; gyroscope; picture-in-picture; web-share\" referrerpolicy=\"strict-origin-when-cross-origin\" allowfullscreen><\/iframe>\n<\/div><\/figure>","protected":false},"excerpt":{"rendered":"<p>M\u00e1s de 200 l\u00edderes de las comunidades de San Agust\u00edn en Namasig\u00fce, Laurelada, Agua Agria # 2 y El Porvenir en El Corpus y los integrantes de dos comit\u00e9s de microcuenca de estos municipios, han plantado 2,480 plantas frutales, y maderables. Las plantas fueron producidas en viveros comunitarios con el Proyecto \u201cConservaci\u00f3n y protecci\u00f3n del [&hellip;]<\/p>\n","protected":false},"author":4,"featured_media":28225,"comment_status":"open","ping_status":"open","sticky":false,"template":"","format":"standard","meta":{"footnotes":""},"categories":[3],"tags":[],"class_list":["post-1130","post","type-post","status-publish","format-standard","has-post-thumbnail","hentry","category-sala-de-prensa"],"_links":{"self":[{"href":"https:\/\/fundacionagrolibano.org\/en\/wp-json\/wp\/v2\/posts\/1130","targetHints":{"allow":["GET"]}}],"collection":[{"href":"https:\/\/fundacionagrolibano.org\/en\/wp-json\/wp\/v2\/posts"}],"about":[{"href":"https:\/\/fundacionagrolibano.org\/en\/wp-json\/wp\/v2\/types\/post"}],"author":[{"embeddable":true,"href":"https:\/\/fundacionagrolibano.org\/en\/wp-json\/wp\/v2\/users\/4"}],"replies":[{"embeddable":true,"href":"https:\/\/fundacionagrolibano.org\/en\/wp-json\/wp\/v2\/comments?post=1130"}],"version-history":[{"count":5,"href":"https:\/\/fundacionagrolibano.org\/en\/wp-json\/wp\/v2\/posts\/1130\/revisions"}],"predecessor-version":[{"id":28226,"href":"https:\/\/fundacionagrolibano.org\/en\/wp-json\/wp\/v2\/posts\/1130\/revisions\/28226"}],"wp:featuredmedia":[{"embeddable":true,"href":"https:\/\/fundacionagrolibano.org\/en\/wp-json\/wp\/v2\/media\/28225"}],"wp:attachment":[{"href":"https:\/\/fundacionagrolibano.org\/en\/wp-json\/wp\/v2\/media?parent=1130"}],"wp:term":[{"taxonomy":"category","embeddable":true,"href":"https:\/\/fundacionagrolibano.org\/en\/wp-json\/wp\/v2\/categories?post=1130"},{"taxonomy":"post_tag","embeddable":true,"href":"https:\/\/fundacionagrolibano.org\/en\/wp-json\/wp\/v2\/tags?post=1130"}],"curies":[{"name":"wp","href":"https:\/\/api.w.org\/{rel}","templated":true}]}}