{"id":1134,"date":"2023-06-06T19:53:35","date_gmt":"2023-06-06T19:53:35","guid":{"rendered":"https:\/\/www.fundacionagrolibano2.org\/?p=1134"},"modified":"2024-10-29T18:49:47","modified_gmt":"2024-10-29T18:49:47","slug":"fundacion-terra-y-agrolibano-juntos-por-la-educacion","status":"publish","type":"post","link":"https:\/\/fundacionagrolibano.org\/en\/fundacion-terra-y-agrolibano-juntos-por-la-educacion\/","title":{"rendered":"Terra Foundation and Agrol\u00edbano together for Education"},"content":{"rendered":"<p>The Terra Foundation and the Agrol\u00edbano Foundation have signed a new collaboration agreement through which the Tutoring Scholarships and Connectivity Centers programs are implemented in 14 public educational centers that benefit from the Comprehensive Development Support Program for Children and Adolescents in the School Environment developed by the Agrol\u00edbano Foundation.<\/p>\n\n\n\n<p>This year, 74 students in the second cycle and 370 in the first cycle of basic education benefit from support for academic reinforcement, guided by liaison teachers and collaboration from grade school teachers. In addition, with the opening of the Connectivity Center at the Dionisio de Herrera CEB in the El Tular community, more than 350 students benefit from the Terra te Conecta platform that provides access to educational content from the national curriculum, thus contributing to SDGs #1, #4, #5, #10 and #17.<\/p>\n\n\n\n<figure class=\"wp-block-embed is-type-video is-provider-youtube wp-block-embed-youtube wp-embed-aspect-16-9 wp-has-aspect-ratio\"><div class=\"wp-block-embed__wrapper\">\n<iframe title=\"Terra Foundation and Agrol\u00edbano together for Education\" width=\"1140\" height=\"641\" src=\"https:\/\/www.youtube.com\/embed\/T6bJ5qa7kj0?feature=oembed\" frameborder=\"0\" allow=\"accelerometer; autoplay; clipboard-write; encrypted-media; gyroscope; picture-in-picture; web-share\" referrerpolicy=\"strict-origin-when-cross-origin\" allowfullscreen><\/iframe>\n<\/div><\/figure>","protected":false},"excerpt":{"rendered":"<p>Fundaci\u00f3n Terra y Fundaci\u00f3n Agrol\u00edbano firman nuevamente convenio de colaboraci\u00f3n, a trav\u00e9s del cual se implementan los programa Becas Tutor\u00edas y Centros de Conectividad en 14 centros educativos p\u00fablicos que se benefician con el programa de Apoyo al Desarrollo Integral de la Ni\u00f1ez y Adolescencia en el \u00c1mbito Escolar que desarrolla Fundaci\u00f3n Agrol\u00edbano. Este a\u00f1o [&hellip;]<\/p>\n","protected":false},"author":4,"featured_media":28227,"comment_status":"open","ping_status":"open","sticky":false,"template":"","format":"standard","meta":{"footnotes":""},"categories":[3],"tags":[],"class_list":["post-1134","post","type-post","status-publish","format-standard","has-post-thumbnail","hentry","category-sala-de-prensa"],"_links":{"self":[{"href":"https:\/\/fundacionagrolibano.org\/en\/wp-json\/wp\/v2\/posts\/1134","targetHints":{"allow":["GET"]}}],"collection":[{"href":"https:\/\/fundacionagrolibano.org\/en\/wp-json\/wp\/v2\/posts"}],"about":[{"href":"https:\/\/fundacionagrolibano.org\/en\/wp-json\/wp\/v2\/types\/post"}],"author":[{"embeddable":true,"href":"https:\/\/fundacionagrolibano.org\/en\/wp-json\/wp\/v2\/users\/4"}],"replies":[{"embeddable":true,"href":"https:\/\/fundacionagrolibano.org\/en\/wp-json\/wp\/v2\/comments?post=1134"}],"version-history":[{"count":5,"href":"https:\/\/fundacionagrolibano.org\/en\/wp-json\/wp\/v2\/posts\/1134\/revisions"}],"predecessor-version":[{"id":28229,"href":"https:\/\/fundacionagrolibano.org\/en\/wp-json\/wp\/v2\/posts\/1134\/revisions\/28229"}],"wp:featuredmedia":[{"embeddable":true,"href":"https:\/\/fundacionagrolibano.org\/en\/wp-json\/wp\/v2\/media\/28227"}],"wp:attachment":[{"href":"https:\/\/fundacionagrolibano.org\/en\/wp-json\/wp\/v2\/media?parent=1134"}],"wp:term":[{"taxonomy":"category","embeddable":true,"href":"https:\/\/fundacionagrolibano.org\/en\/wp-json\/wp\/v2\/categories?post=1134"},{"taxonomy":"post_tag","embeddable":true,"href":"https:\/\/fundacionagrolibano.org\/en\/wp-json\/wp\/v2\/tags?post=1134"}],"curies":[{"name":"wp","href":"https:\/\/api.w.org\/{rel}","templated":true}]}}