{"id":1182,"date":"2023-08-29T20:00:19","date_gmt":"2023-08-29T20:00:19","guid":{"rendered":"https:\/\/www.fundacionagrolibano2.org\/?p=1182"},"modified":"2024-10-29T18:57:26","modified_gmt":"2024-10-29T18:57:26","slug":"lideres-se-capacitan-en-perfil-de-proyectos","status":"publish","type":"post","link":"https:\/\/fundacionagrolibano.org\/en\/lideres-se-capacitan-en-perfil-de-proyectos\/","title":{"rendered":"Leaders are trained in project profile"},"content":{"rendered":"<p>Members of community-based structures participated in 6 training days in the same number of communities. A total of 92 leaders (70 women and 22 men) took on the challenge of being trained in \"Project profiling\" to contribute to the management of projects proposed in the Comprehensive Community Development Plans (PDIC) of their communities with the support of Fundaci\u00f3n Agrol\u00edbano, as part of the actions of the Program \"Strengthening Citizen Participation for Peace and Development\", FOPACDE and contribute to the achievement of Sustainable Development Goals 5, 16 and 17 regarding eradicating poverty, promoting inclusion and resilience to contribute to prosperity, in alliances between multiple stakeholders as established by the 2030 agenda.<\/p>","protected":false},"excerpt":{"rendered":"<p>Integrantes de las estructuras de base comunitaria participaron en 6 jornadas de capacitaci\u00f3n en igual n\u00famero de comunidades, un total de 92 l\u00edderes (70 mujeres y 22 hombres) asumieron el reto de capacitarse en \u201cElaboraci\u00f3n de perfiles de proyectos\u201d; para contribuir a la gesti\u00f3n de proyectos propuestos en los Planes de Desarrollo Integral Comunitario (PDIC) [&hellip;]<\/p>\n","protected":false},"author":4,"featured_media":1191,"comment_status":"open","ping_status":"open","sticky":false,"template":"","format":"standard","meta":{"footnotes":""},"categories":[3],"tags":[],"class_list":["post-1182","post","type-post","status-publish","format-standard","has-post-thumbnail","hentry","category-sala-de-prensa"],"_links":{"self":[{"href":"https:\/\/fundacionagrolibano.org\/en\/wp-json\/wp\/v2\/posts\/1182","targetHints":{"allow":["GET"]}}],"collection":[{"href":"https:\/\/fundacionagrolibano.org\/en\/wp-json\/wp\/v2\/posts"}],"about":[{"href":"https:\/\/fundacionagrolibano.org\/en\/wp-json\/wp\/v2\/types\/post"}],"author":[{"embeddable":true,"href":"https:\/\/fundacionagrolibano.org\/en\/wp-json\/wp\/v2\/users\/4"}],"replies":[{"embeddable":true,"href":"https:\/\/fundacionagrolibano.org\/en\/wp-json\/wp\/v2\/comments?post=1182"}],"version-history":[{"count":5,"href":"https:\/\/fundacionagrolibano.org\/en\/wp-json\/wp\/v2\/posts\/1182\/revisions"}],"predecessor-version":[{"id":28247,"href":"https:\/\/fundacionagrolibano.org\/en\/wp-json\/wp\/v2\/posts\/1182\/revisions\/28247"}],"wp:featuredmedia":[{"embeddable":true,"href":"https:\/\/fundacionagrolibano.org\/en\/wp-json\/wp\/v2\/media\/1191"}],"wp:attachment":[{"href":"https:\/\/fundacionagrolibano.org\/en\/wp-json\/wp\/v2\/media?parent=1182"}],"wp:term":[{"taxonomy":"category","embeddable":true,"href":"https:\/\/fundacionagrolibano.org\/en\/wp-json\/wp\/v2\/categories?post=1182"},{"taxonomy":"post_tag","embeddable":true,"href":"https:\/\/fundacionagrolibano.org\/en\/wp-json\/wp\/v2\/tags?post=1182"}],"curies":[{"name":"wp","href":"https:\/\/api.w.org\/{rel}","templated":true}]}}