{"id":1184,"date":"2023-08-29T20:03:11","date_gmt":"2023-08-29T20:03:11","guid":{"rendered":"https:\/\/www.fundacionagrolibano2.org\/?p=1184"},"modified":"2024-10-29T18:57:48","modified_gmt":"2024-10-29T18:57:48","slug":"informacion-para-el-empoderamiento-de-la-ninez-y-juventud","status":"publish","type":"post","link":"https:\/\/fundacionagrolibano.org\/en\/informacion-para-el-empoderamiento-de-la-ninez-y-juventud\/","title":{"rendered":"Information for the empowerment of children and youth"},"content":{"rendered":"<p>Productive school gardens are implemented in 8 of the 14 educational centers that make up the Comprehensive Development Support Program for Children and Adolescents in Schools (ADINAE) developed by Fundaci\u00f3n Agrol\u00edbano. All centers receive technical assistance. In addition, 3 of the educational centers in Valle, which are coordinated with the Departmental Directorate of Education, have been provided with tools for land preparation and garden maintenance tasks, activities carried out by students, teachers, mothers and fathers. Through the gardens, students are trained to produce food, which in turn helps to complement the school snack, and a responsible approach to nature is encouraged by promoting environmental sustainability; thus contributing to SDGs 2, 3, 4, 12, 15 and 17.<\/p>","protected":false},"excerpt":{"rendered":"<p>Se implementan huertos escolares productivos en 8 de los 14 centros educativos que integran el Programa de Apoyo al Desarrollo Integral a la Ni\u00f1ez y Adolescencia en \u00c1mbito Escolar (ADINAE) que desarrolla Fundaci\u00f3n Agrol\u00edbano, todos los centros reciben asistencia t\u00e9cnica; adem\u00e1s, en 3 de los centros educativos en Valle, que se coordinan con la Direcci\u00f3n [&hellip;]<\/p>\n","protected":false},"author":4,"featured_media":1190,"comment_status":"open","ping_status":"open","sticky":false,"template":"","format":"standard","meta":{"footnotes":""},"categories":[3],"tags":[],"class_list":["post-1184","post","type-post","status-publish","format-standard","has-post-thumbnail","hentry","category-sala-de-prensa"],"_links":{"self":[{"href":"https:\/\/fundacionagrolibano.org\/en\/wp-json\/wp\/v2\/posts\/1184","targetHints":{"allow":["GET"]}}],"collection":[{"href":"https:\/\/fundacionagrolibano.org\/en\/wp-json\/wp\/v2\/posts"}],"about":[{"href":"https:\/\/fundacionagrolibano.org\/en\/wp-json\/wp\/v2\/types\/post"}],"author":[{"embeddable":true,"href":"https:\/\/fundacionagrolibano.org\/en\/wp-json\/wp\/v2\/users\/4"}],"replies":[{"embeddable":true,"href":"https:\/\/fundacionagrolibano.org\/en\/wp-json\/wp\/v2\/comments?post=1184"}],"version-history":[{"count":5,"href":"https:\/\/fundacionagrolibano.org\/en\/wp-json\/wp\/v2\/posts\/1184\/revisions"}],"predecessor-version":[{"id":28248,"href":"https:\/\/fundacionagrolibano.org\/en\/wp-json\/wp\/v2\/posts\/1184\/revisions\/28248"}],"wp:featuredmedia":[{"embeddable":true,"href":"https:\/\/fundacionagrolibano.org\/en\/wp-json\/wp\/v2\/media\/1190"}],"wp:attachment":[{"href":"https:\/\/fundacionagrolibano.org\/en\/wp-json\/wp\/v2\/media?parent=1184"}],"wp:term":[{"taxonomy":"category","embeddable":true,"href":"https:\/\/fundacionagrolibano.org\/en\/wp-json\/wp\/v2\/categories?post=1184"},{"taxonomy":"post_tag","embeddable":true,"href":"https:\/\/fundacionagrolibano.org\/en\/wp-json\/wp\/v2\/tags?post=1184"}],"curies":[{"name":"wp","href":"https:\/\/api.w.org\/{rel}","templated":true}]}}