{"id":1195,"date":"2023-08-31T20:12:45","date_gmt":"2023-08-31T20:12:45","guid":{"rendered":"https:\/\/www.fundacionagrolibano2.org\/?p=1195"},"modified":"2024-10-29T18:58:52","modified_gmt":"2024-10-29T18:58:52","slug":"informacion-para-el-empoderamiento-de-la-ninez-y-juventud-2","status":"publish","type":"post","link":"https:\/\/fundacionagrolibano.org\/en\/informacion-para-el-empoderamiento-de-la-ninez-y-juventud-2\/","title":{"rendered":"The Agrol\u00edbano Foundation \u2013 Terra Foundation alliance provides support in 14 educational centers that implement Tutoring Scholarships"},"content":{"rendered":"<p>In 2023, 222 boys and girls from 1st to 3rd grade of basic education are already benefiting from the tutoring provided by 74 higher grade students, who in 14 educational centers receive support from Fundaci\u00f3n Agrol\u00edbano and Fundaci\u00f3n Terra through their programs \u201cSupport for the Development of Children and Adolescents in the School Environment\u201d (ADINAE) and \u201cTutoring Scholarships\u201d, respectively; thanks to the alliance that for 11 years contributes to reducing repetition rates and strengthens skills and values \u200b\u200b\u200b\u200bamong participants; thus contributing to the goals of SDGs #4 and #17.<\/p>\n\n\n\n<figure class=\"wp-block-embed is-type-video is-provider-youtube wp-block-embed-youtube wp-embed-aspect-16-9 wp-has-aspect-ratio\"><div class=\"wp-block-embed__wrapper\">\n<iframe title=\"Implementaci\u00f3n de programa Becas Tutor\u00edas en 14 centros educativos\" width=\"1140\" height=\"641\" src=\"https:\/\/www.youtube.com\/embed\/ZI00uuO_Nr8?feature=oembed\" frameborder=\"0\" allow=\"accelerometer; autoplay; clipboard-write; encrypted-media; gyroscope; picture-in-picture; web-share\" referrerpolicy=\"strict-origin-when-cross-origin\" allowfullscreen><\/iframe>\n<\/div><\/figure>","protected":false},"excerpt":{"rendered":"<p>Este 2023, son 222 ni\u00f1os y ni\u00f1as de 1ero a 3er grado de educaci\u00f3n b\u00e1sica los que ya se benefician con las tutor\u00edas brindadas por 74 estudiantes de grados superiores, que en 14 centros educativos reciben acompa\u00f1amiento de Fundaci\u00f3n Agrol\u00edbano y Fundaci\u00f3n Terra a trav\u00e9s de sus programas \u201cApoyo al Desarrollo de la Ni\u00f1ez y [&hellip;]<\/p>\n","protected":false},"author":4,"featured_media":28249,"comment_status":"open","ping_status":"open","sticky":false,"template":"","format":"standard","meta":{"footnotes":""},"categories":[3],"tags":[],"class_list":["post-1195","post","type-post","status-publish","format-standard","has-post-thumbnail","hentry","category-sala-de-prensa"],"_links":{"self":[{"href":"https:\/\/fundacionagrolibano.org\/en\/wp-json\/wp\/v2\/posts\/1195","targetHints":{"allow":["GET"]}}],"collection":[{"href":"https:\/\/fundacionagrolibano.org\/en\/wp-json\/wp\/v2\/posts"}],"about":[{"href":"https:\/\/fundacionagrolibano.org\/en\/wp-json\/wp\/v2\/types\/post"}],"author":[{"embeddable":true,"href":"https:\/\/fundacionagrolibano.org\/en\/wp-json\/wp\/v2\/users\/4"}],"replies":[{"embeddable":true,"href":"https:\/\/fundacionagrolibano.org\/en\/wp-json\/wp\/v2\/comments?post=1195"}],"version-history":[{"count":8,"href":"https:\/\/fundacionagrolibano.org\/en\/wp-json\/wp\/v2\/posts\/1195\/revisions"}],"predecessor-version":[{"id":28251,"href":"https:\/\/fundacionagrolibano.org\/en\/wp-json\/wp\/v2\/posts\/1195\/revisions\/28251"}],"wp:featuredmedia":[{"embeddable":true,"href":"https:\/\/fundacionagrolibano.org\/en\/wp-json\/wp\/v2\/media\/28249"}],"wp:attachment":[{"href":"https:\/\/fundacionagrolibano.org\/en\/wp-json\/wp\/v2\/media?parent=1195"}],"wp:term":[{"taxonomy":"category","embeddable":true,"href":"https:\/\/fundacionagrolibano.org\/en\/wp-json\/wp\/v2\/categories?post=1195"},{"taxonomy":"post_tag","embeddable":true,"href":"https:\/\/fundacionagrolibano.org\/en\/wp-json\/wp\/v2\/tags?post=1195"}],"curies":[{"name":"wp","href":"https:\/\/api.w.org\/{rel}","templated":true}]}}