{"id":1514,"date":"2023-10-17T03:56:11","date_gmt":"2023-10-17T03:56:11","guid":{"rendered":"https:\/\/www.fundacionagrolibano2.org\/?p=1514"},"modified":"2024-10-29T19:12:56","modified_gmt":"2024-10-29T19:12:56","slug":"inauguracion-de-casa-malla-en-huertos-escolares-para-la-produccion-y-diversificar-la-merienda-escolar","status":"publish","type":"post","link":"https:\/\/fundacionagrolibano.org\/en\/inauguracion-de-casa-malla-en-huertos-escolares-para-la-produccion-y-diversificar-la-merienda-escolar\/","title":{"rendered":"Inauguration of a mesh house in school gardens for the production and diversification of school snacks"},"content":{"rendered":"<p>Agrol\u00edbano Foundation, in coordination with the National Program for Sustainable Rural and Urban Development PRONADERS and the Departmental Directorate of Education of Valle, supports the implementation of 5 gardens with mesh houses in 5 educational centers located in Nacaome Valle, benefiting 800 students.<\/p>\n\n\n\n<p>The installation of the mesh house included the provision of a green label tool kit and supplies for production, in addition to the mesh house, which contributes to protecting crops, maintaining humidity, reducing evaporation, saving water, reducing damage from pests and crop predators. The aforementioned is complemented by the technical assistance provided by the staff of Fundaci\u00f3n Agrol\u00edbano and the organizational support of the educational community of each school, to promote environmental sustainability and food security, contributing to the goals of SDGs 2, 3, 4, 12, 15 and 17.<\/p>\n\n\n\n<figure class=\"wp-block-embed is-type-video is-provider-youtube wp-block-embed-youtube wp-embed-aspect-16-9 wp-has-aspect-ratio\"><div class=\"wp-block-embed__wrapper\">\n<iframe title=\"Inauguraci\u00f3n de casa malla en huertos escolares para la producci\u00f3n y diversificar la merienda\" width=\"1140\" height=\"641\" src=\"https:\/\/www.youtube.com\/embed\/rFdEGOp7BjA?feature=oembed\" frameborder=\"0\" allow=\"accelerometer; autoplay; clipboard-write; encrypted-media; gyroscope; picture-in-picture; web-share\" referrerpolicy=\"strict-origin-when-cross-origin\" allowfullscreen><\/iframe>\n<\/div><\/figure>","protected":false},"excerpt":{"rendered":"<p>Fundaci\u00f3n Agrol\u00edbano, en coordinaci\u00f3n con el Programa Nacional de Desarrollo Rural y Urbano Sostenible PRONADERS y la Direcci\u00f3n Departamental de Educaci\u00f3n de Valle, apoya la implementaci\u00f3n de 5 huertos con casa malla en 5 centros educativos ubicados en Nacaome Valle, beneficiando a 800 estudiantes. La instalaci\u00f3n de la casa malla incluy\u00f3 la dotaci\u00f3n de un [&hellip;]<\/p>\n","protected":false},"author":4,"featured_media":28270,"comment_status":"open","ping_status":"open","sticky":false,"template":"","format":"standard","meta":{"footnotes":""},"categories":[3],"tags":[],"class_list":["post-1514","post","type-post","status-publish","format-standard","has-post-thumbnail","hentry","category-sala-de-prensa"],"_links":{"self":[{"href":"https:\/\/fundacionagrolibano.org\/en\/wp-json\/wp\/v2\/posts\/1514","targetHints":{"allow":["GET"]}}],"collection":[{"href":"https:\/\/fundacionagrolibano.org\/en\/wp-json\/wp\/v2\/posts"}],"about":[{"href":"https:\/\/fundacionagrolibano.org\/en\/wp-json\/wp\/v2\/types\/post"}],"author":[{"embeddable":true,"href":"https:\/\/fundacionagrolibano.org\/en\/wp-json\/wp\/v2\/users\/4"}],"replies":[{"embeddable":true,"href":"https:\/\/fundacionagrolibano.org\/en\/wp-json\/wp\/v2\/comments?post=1514"}],"version-history":[{"count":4,"href":"https:\/\/fundacionagrolibano.org\/en\/wp-json\/wp\/v2\/posts\/1514\/revisions"}],"predecessor-version":[{"id":28271,"href":"https:\/\/fundacionagrolibano.org\/en\/wp-json\/wp\/v2\/posts\/1514\/revisions\/28271"}],"wp:featuredmedia":[{"embeddable":true,"href":"https:\/\/fundacionagrolibano.org\/en\/wp-json\/wp\/v2\/media\/28270"}],"wp:attachment":[{"href":"https:\/\/fundacionagrolibano.org\/en\/wp-json\/wp\/v2\/media?parent=1514"}],"wp:term":[{"taxonomy":"category","embeddable":true,"href":"https:\/\/fundacionagrolibano.org\/en\/wp-json\/wp\/v2\/categories?post=1514"},{"taxonomy":"post_tag","embeddable":true,"href":"https:\/\/fundacionagrolibano.org\/en\/wp-json\/wp\/v2\/tags?post=1514"}],"curies":[{"name":"wp","href":"https:\/\/api.w.org\/{rel}","templated":true}]}}