{"id":1567,"date":"2023-11-29T18:45:22","date_gmt":"2023-11-29T18:45:22","guid":{"rendered":"https:\/\/www.fundacionagrolibano2.org\/?p=1567"},"modified":"2024-10-29T19:15:38","modified_gmt":"2024-10-29T19:15:38","slug":"segunda-jornada-de-salud-escolar","status":"publish","type":"post","link":"https:\/\/fundacionagrolibano.org\/en\/segunda-jornada-de-salud-escolar\/","title":{"rendered":"Second School Health Day"},"content":{"rendered":"<p>A second survey of anthropometric measurements was carried out to assess the nutritional status of more than 2,100 children, pre-school and primary school students in 14 educational centers, with the aim of identifying risk situations and defining actions with the involvement of the family to promote the development and well-being of children and their academic performance.<\/p>\n\n\n\n<p>This activity is carried out twice a year, serving pre-basic children with the Comprehensive Care for Early Childhood program and primary school students with the Support for the Comprehensive Development of Children and Adolescents in the School Environment program, both implemented by Fundaci\u00f3n Agrol\u00edbano with the support of volunteers and the educational community, thus contributing to SDGs #2, #3, #4 and #17 by preventing child malnutrition, promoting the well-being and care of child development, contributing to inclusive, equitable and quality education and promoting learning opportunities in alliances with multiple stakeholders.<\/p>\n\n\n\n<figure class=\"wp-block-embed is-type-video is-provider-youtube wp-block-embed-youtube wp-embed-aspect-16-9 wp-has-aspect-ratio\"><div class=\"wp-block-embed__wrapper\">\n<iframe title=\"Segunda Jornada de salud escolar\" width=\"1140\" height=\"641\" src=\"https:\/\/www.youtube.com\/embed\/b79Ui7SONYA?feature=oembed\" frameborder=\"0\" allow=\"accelerometer; autoplay; clipboard-write; encrypted-media; gyroscope; picture-in-picture; web-share\" referrerpolicy=\"strict-origin-when-cross-origin\" allowfullscreen><\/iframe>\n<\/div><\/figure>","protected":false},"excerpt":{"rendered":"<p>Con un segundo levantamiento de medidas antropom\u00e9tricas se valora la situaci\u00f3n nutricional de m\u00e1s de 2,100 ni\u00f1os y ni\u00f1as, estudiantes de preb\u00e1sica y primaria en 14 centros educativos, con la finalidad de identificar situaciones de riesgo y definir acciones con el involucramiento de la familia para favorecer el desarrollo y bienestar de la ni\u00f1ez y [&hellip;]<\/p>\n","protected":false},"author":4,"featured_media":28277,"comment_status":"open","ping_status":"open","sticky":false,"template":"","format":"standard","meta":{"footnotes":""},"categories":[3],"tags":[],"class_list":["post-1567","post","type-post","status-publish","format-standard","has-post-thumbnail","hentry","category-sala-de-prensa"],"_links":{"self":[{"href":"https:\/\/fundacionagrolibano.org\/en\/wp-json\/wp\/v2\/posts\/1567","targetHints":{"allow":["GET"]}}],"collection":[{"href":"https:\/\/fundacionagrolibano.org\/en\/wp-json\/wp\/v2\/posts"}],"about":[{"href":"https:\/\/fundacionagrolibano.org\/en\/wp-json\/wp\/v2\/types\/post"}],"author":[{"embeddable":true,"href":"https:\/\/fundacionagrolibano.org\/en\/wp-json\/wp\/v2\/users\/4"}],"replies":[{"embeddable":true,"href":"https:\/\/fundacionagrolibano.org\/en\/wp-json\/wp\/v2\/comments?post=1567"}],"version-history":[{"count":5,"href":"https:\/\/fundacionagrolibano.org\/en\/wp-json\/wp\/v2\/posts\/1567\/revisions"}],"predecessor-version":[{"id":28279,"href":"https:\/\/fundacionagrolibano.org\/en\/wp-json\/wp\/v2\/posts\/1567\/revisions\/28279"}],"wp:featuredmedia":[{"embeddable":true,"href":"https:\/\/fundacionagrolibano.org\/en\/wp-json\/wp\/v2\/media\/28277"}],"wp:attachment":[{"href":"https:\/\/fundacionagrolibano.org\/en\/wp-json\/wp\/v2\/media?parent=1567"}],"wp:term":[{"taxonomy":"category","embeddable":true,"href":"https:\/\/fundacionagrolibano.org\/en\/wp-json\/wp\/v2\/categories?post=1567"},{"taxonomy":"post_tag","embeddable":true,"href":"https:\/\/fundacionagrolibano.org\/en\/wp-json\/wp\/v2\/tags?post=1567"}],"curies":[{"name":"wp","href":"https:\/\/api.w.org\/{rel}","templated":true}]}}