{"id":1571,"date":"2023-11-30T14:59:17","date_gmt":"2023-11-30T14:59:17","guid":{"rendered":"https:\/\/www.fundacionagrolibano2.org\/?p=1571"},"modified":"2024-10-29T19:15:59","modified_gmt":"2024-10-29T19:15:59","slug":"agrolibano-promueve-analisis-del-avance-hacia-el-desarrollo-comunitario-sostenible-en-la-aldea-de-san-jeronimo","status":"publish","type":"post","link":"https:\/\/fundacionagrolibano.org\/en\/agrolibano-promueve-analisis-del-avance-hacia-el-desarrollo-comunitario-sostenible-en-la-aldea-de-san-jeronimo\/","title":{"rendered":"Agrol\u00edbano promotes analysis of progress towards sustainable community development in the village of San Jer\u00f3nimo"},"content":{"rendered":"<p>On November 17, Agrol\u00edbano, through its Foundation, continued the cycle of community sessions to analyze progress toward sustainable community development in the communities neighboring the melon farms. In the village of San Jer\u00f3nimo in the municipality of Namasig\u00fce, 70 people participated, representatives of community-based organizations, such as the board of trustees, water board, rural fund, parents' association, student government, health committees, etc., as well as religious leaders, community volunteers, fishermen's groups, authorities and teaching staff, among others.<\/p>\n\n\n\n<p>The participants took a chronological tour, using participatory and playful methodologies, identifying key factors in their background, the current situation based on their capabilities and deprivations linked to multidimensional poverty, and where they are going according to the approaches they have detailed in their community development plans, the strategies for their management and the strengths and challenges of their organizations. This activity contributes to the goals of SDGs 1, 5, 10, 12, 16 and 17.<\/p>\n\n\n\n<figure class=\"wp-block-embed is-type-video is-provider-youtube wp-block-embed-youtube wp-embed-aspect-16-9 wp-has-aspect-ratio\"><div class=\"wp-block-embed__wrapper\">\n<iframe title=\"Agrol\u00edbano promueve an\u00e1lisis del avance hacia el desarrollo comunitario en la aldea de San Jer\u00f3nimo\" width=\"1140\" height=\"641\" src=\"https:\/\/www.youtube.com\/embed\/hpZxpi_N0m0?feature=oembed\" frameborder=\"0\" allow=\"accelerometer; autoplay; clipboard-write; encrypted-media; gyroscope; picture-in-picture; web-share\" referrerpolicy=\"strict-origin-when-cross-origin\" allowfullscreen><\/iframe>\n<\/div><\/figure>","protected":false},"excerpt":{"rendered":"<p>Este 17 de noviembre, Agrol\u00edbano a trav\u00e9s de su Fundaci\u00f3n, ha continuado el ciclo de sesiones comunitarias para el an\u00e1lisis de los avances hacia el desarrollo comunitario sostenible en las comunidades vecinas a las fincas meloneras. En la aldea San Jer\u00f3nimo del municipio de Namasig\u00fce, participaron 70 personas, representantes de las organizaciones de base comunitaria, [&hellip;]<\/p>\n","protected":false},"author":4,"featured_media":28280,"comment_status":"open","ping_status":"open","sticky":false,"template":"","format":"standard","meta":{"footnotes":""},"categories":[3],"tags":[],"class_list":["post-1571","post","type-post","status-publish","format-standard","has-post-thumbnail","hentry","category-sala-de-prensa"],"_links":{"self":[{"href":"https:\/\/fundacionagrolibano.org\/en\/wp-json\/wp\/v2\/posts\/1571","targetHints":{"allow":["GET"]}}],"collection":[{"href":"https:\/\/fundacionagrolibano.org\/en\/wp-json\/wp\/v2\/posts"}],"about":[{"href":"https:\/\/fundacionagrolibano.org\/en\/wp-json\/wp\/v2\/types\/post"}],"author":[{"embeddable":true,"href":"https:\/\/fundacionagrolibano.org\/en\/wp-json\/wp\/v2\/users\/4"}],"replies":[{"embeddable":true,"href":"https:\/\/fundacionagrolibano.org\/en\/wp-json\/wp\/v2\/comments?post=1571"}],"version-history":[{"count":3,"href":"https:\/\/fundacionagrolibano.org\/en\/wp-json\/wp\/v2\/posts\/1571\/revisions"}],"predecessor-version":[{"id":28281,"href":"https:\/\/fundacionagrolibano.org\/en\/wp-json\/wp\/v2\/posts\/1571\/revisions\/28281"}],"wp:featuredmedia":[{"embeddable":true,"href":"https:\/\/fundacionagrolibano.org\/en\/wp-json\/wp\/v2\/media\/28280"}],"wp:attachment":[{"href":"https:\/\/fundacionagrolibano.org\/en\/wp-json\/wp\/v2\/media?parent=1571"}],"wp:term":[{"taxonomy":"category","embeddable":true,"href":"https:\/\/fundacionagrolibano.org\/en\/wp-json\/wp\/v2\/categories?post=1571"},{"taxonomy":"post_tag","embeddable":true,"href":"https:\/\/fundacionagrolibano.org\/en\/wp-json\/wp\/v2\/tags?post=1571"}],"curies":[{"name":"wp","href":"https:\/\/api.w.org\/{rel}","templated":true}]}}