{"id":1574,"date":"2023-11-30T15:01:50","date_gmt":"2023-11-30T15:01:50","guid":{"rendered":"https:\/\/www.fundacionagrolibano2.org\/?p=1574"},"modified":"2024-10-29T19:16:49","modified_gmt":"2024-10-29T19:16:49","slug":"agrolibano-promueve-analisis-del-avance-hacia-el-desarrollo-comunitario-sostenible-en-la-comunidad-de-paso-de-vela","status":"publish","type":"post","link":"https:\/\/fundacionagrolibano.org\/en\/agrolibano-promueve-analisis-del-avance-hacia-el-desarrollo-comunitario-sostenible-en-la-comunidad-de-paso-de-vela\/","title":{"rendered":"Agrol\u00edbano promotes analysis of progress towards sustainable community development in the community of Paso de Vela"},"content":{"rendered":"<p>Agrol\u00edbano a trav\u00e9s de su Fundaci\u00f3n, contin\u00faa realizando sesiones comunitarias para el an\u00e1lisis de los avances hacia el desarrollo comunitario sostenible en las comunidades vecinas a las fincas meloneras, este 29 de noviembre correspondi\u00f3 a la comunidad de Paso de Vela, en el municipio de Nacaome, con 21 representantes del patronato, junta de agua, caja rural, sociedad de padres de familia, voluntariado comunitario, entre otros. Con apoyo de metodolog\u00edas l\u00fadicas los participantes identifican los antecedentes, situaci\u00f3n actual y los desaf\u00edos que enfrentan en la ejecuci\u00f3n de sus planes de desarrollo, tomando en cuenta su condici\u00f3n de pobreza<\/p>\n\n\n\n<p>multidimensional and organizational capacities in their community. This activity contributes to SDG targets 1, 5, 10, 12, 16 and 17.<\/p>\n\n\n\n<figure class=\"wp-block-embed is-type-video is-provider-youtube wp-block-embed-youtube wp-embed-aspect-16-9 wp-has-aspect-ratio\"><div class=\"wp-block-embed__wrapper\">\n<iframe title=\"Agrol\u00edbano promueve an\u00e1lisis del avance hacia el desarrollo comunitario en Paso de Vela, Nacaome\" width=\"1140\" height=\"641\" src=\"https:\/\/www.youtube.com\/embed\/JbiJg35uwaU?feature=oembed\" frameborder=\"0\" allow=\"accelerometer; autoplay; clipboard-write; encrypted-media; gyroscope; picture-in-picture; web-share\" referrerpolicy=\"strict-origin-when-cross-origin\" allowfullscreen><\/iframe>\n<\/div><\/figure>\n\n\n\n<p><\/p>","protected":false},"excerpt":{"rendered":"<p>Agrol\u00edbano a trav\u00e9s de su Fundaci\u00f3n, contin\u00faa realizando sesiones comunitarias para el an\u00e1lisis de los avances hacia el desarrollo comunitario sostenible en las comunidades vecinas a las fincas meloneras, este 29 de noviembre correspondi\u00f3 a la comunidad de Paso de Vela, en el municipio de Nacaome, con 21 representantes del patronato, junta de agua, caja [&hellip;]<\/p>\n","protected":false},"author":4,"featured_media":28282,"comment_status":"open","ping_status":"open","sticky":false,"template":"","format":"standard","meta":{"footnotes":""},"categories":[3],"tags":[],"class_list":["post-1574","post","type-post","status-publish","format-standard","has-post-thumbnail","hentry","category-sala-de-prensa"],"_links":{"self":[{"href":"https:\/\/fundacionagrolibano.org\/en\/wp-json\/wp\/v2\/posts\/1574","targetHints":{"allow":["GET"]}}],"collection":[{"href":"https:\/\/fundacionagrolibano.org\/en\/wp-json\/wp\/v2\/posts"}],"about":[{"href":"https:\/\/fundacionagrolibano.org\/en\/wp-json\/wp\/v2\/types\/post"}],"author":[{"embeddable":true,"href":"https:\/\/fundacionagrolibano.org\/en\/wp-json\/wp\/v2\/users\/4"}],"replies":[{"embeddable":true,"href":"https:\/\/fundacionagrolibano.org\/en\/wp-json\/wp\/v2\/comments?post=1574"}],"version-history":[{"count":4,"href":"https:\/\/fundacionagrolibano.org\/en\/wp-json\/wp\/v2\/posts\/1574\/revisions"}],"predecessor-version":[{"id":28283,"href":"https:\/\/fundacionagrolibano.org\/en\/wp-json\/wp\/v2\/posts\/1574\/revisions\/28283"}],"wp:featuredmedia":[{"embeddable":true,"href":"https:\/\/fundacionagrolibano.org\/en\/wp-json\/wp\/v2\/media\/28282"}],"wp:attachment":[{"href":"https:\/\/fundacionagrolibano.org\/en\/wp-json\/wp\/v2\/media?parent=1574"}],"wp:term":[{"taxonomy":"category","embeddable":true,"href":"https:\/\/fundacionagrolibano.org\/en\/wp-json\/wp\/v2\/categories?post=1574"},{"taxonomy":"post_tag","embeddable":true,"href":"https:\/\/fundacionagrolibano.org\/en\/wp-json\/wp\/v2\/tags?post=1574"}],"curies":[{"name":"wp","href":"https:\/\/api.w.org\/{rel}","templated":true}]}}