{"id":1578,"date":"2023-12-22T15:07:14","date_gmt":"2023-12-22T15:07:14","guid":{"rendered":"https:\/\/www.fundacionagrolibano2.org\/?p=1578"},"modified":"2024-10-29T19:18:38","modified_gmt":"2024-10-29T19:18:38","slug":"agrolibano-promueve-analisis-del-avance-hacia-el-desarrollo-comunitario-sostenible-en-la-comunidad-de-papalon","status":"publish","type":"post","link":"https:\/\/fundacionagrolibano.org\/en\/agrolibano-promueve-analisis-del-avance-hacia-el-desarrollo-comunitario-sostenible-en-la-comunidad-de-papalon\/","title":{"rendered":"Agrol\u00edbano promotes analysis of progress towards sustainable community development in the community of Papal\u00f3n"},"content":{"rendered":"<p>Agrol\u00edbano, through its Foundation, continues to hold community sessions to analyze progress toward sustainable community development in the communities neighboring the melon farms. On December 6, it was the turn of the community of Papal\u00f3n, in the municipality of Nacaome, with 21 representatives of the board of trustees, rural savings banks, church representatives, soccer team representatives, community volunteers, among others.<\/p>\n\n\n\n<p>With the support of playful methodologies, participants identify the background, current situation and challenges they face in the execution of their development plans, taking into account their multidimensional poverty condition and the organizational capacities in their community. This activity contributes to the goals of SDGs 1, 5, 10, 12, 16 and 17.<\/p>","protected":false},"excerpt":{"rendered":"<p>Agrol\u00edbano a trav\u00e9s de su Fundaci\u00f3n, contin\u00faa realizando sesiones comunitarias para el an\u00e1lisis de los avances hacia el desarrollo comunitario sostenible en las comunidades vecinas a las fincas meloneras, este 6 de diciembre correspondi\u00f3 a la comunidad de Papal\u00f3n, en el municipio de Nacaome, con 21 representantes del patronato, caja rural, representantes de las iglesias, [&hellip;]<\/p>\n","protected":false},"author":4,"featured_media":1580,"comment_status":"open","ping_status":"open","sticky":false,"template":"","format":"standard","meta":{"footnotes":""},"categories":[3],"tags":[],"class_list":["post-1578","post","type-post","status-publish","format-standard","has-post-thumbnail","hentry","category-sala-de-prensa"],"_links":{"self":[{"href":"https:\/\/fundacionagrolibano.org\/en\/wp-json\/wp\/v2\/posts\/1578","targetHints":{"allow":["GET"]}}],"collection":[{"href":"https:\/\/fundacionagrolibano.org\/en\/wp-json\/wp\/v2\/posts"}],"about":[{"href":"https:\/\/fundacionagrolibano.org\/en\/wp-json\/wp\/v2\/types\/post"}],"author":[{"embeddable":true,"href":"https:\/\/fundacionagrolibano.org\/en\/wp-json\/wp\/v2\/users\/4"}],"replies":[{"embeddable":true,"href":"https:\/\/fundacionagrolibano.org\/en\/wp-json\/wp\/v2\/comments?post=1578"}],"version-history":[{"count":4,"href":"https:\/\/fundacionagrolibano.org\/en\/wp-json\/wp\/v2\/posts\/1578\/revisions"}],"predecessor-version":[{"id":28289,"href":"https:\/\/fundacionagrolibano.org\/en\/wp-json\/wp\/v2\/posts\/1578\/revisions\/28289"}],"wp:featuredmedia":[{"embeddable":true,"href":"https:\/\/fundacionagrolibano.org\/en\/wp-json\/wp\/v2\/media\/1580"}],"wp:attachment":[{"href":"https:\/\/fundacionagrolibano.org\/en\/wp-json\/wp\/v2\/media?parent=1578"}],"wp:term":[{"taxonomy":"category","embeddable":true,"href":"https:\/\/fundacionagrolibano.org\/en\/wp-json\/wp\/v2\/categories?post=1578"},{"taxonomy":"post_tag","embeddable":true,"href":"https:\/\/fundacionagrolibano.org\/en\/wp-json\/wp\/v2\/tags?post=1578"}],"curies":[{"name":"wp","href":"https:\/\/api.w.org\/{rel}","templated":true}]}}