{"id":1586,"date":"2023-12-27T15:14:14","date_gmt":"2023-12-27T15:14:14","guid":{"rendered":"https:\/\/www.fundacionagrolibano2.org\/?p=1586"},"modified":"2024-10-29T19:22:02","modified_gmt":"2024-10-29T19:22:02","slug":"fundacion-agrolibano-celebra-con-el-voluntariado-comunitario","status":"publish","type":"post","link":"https:\/\/fundacionagrolibano.org\/en\/fundacion-agrolibano-celebra-con-el-voluntariado-comunitario\/","title":{"rendered":"Agrol\u00edbano Foundation celebrates with community volunteering"},"content":{"rendered":"<p>In celebration of International Volunteer Day, Fundaci\u00f3n Agrol\u00edbano recognizes more than 200 volunteers and members of community-based organizations from 18 rural communities in Valle and Choluteca at an annual event for their contribution to improving the living conditions of the population, as well as promoting inclusive and proactive participation in self-management of community development, based on a culture of peace and environmental sustainability.<\/p>\n\n\n\n<p>The event facilitates integration and exchange between actors from each of the organizations and volunteers in general, as well as self-recognition of the potential that each one can contribute to achieving the proposed objectives and thus together contribute to achieving the SDGs in terms of global goals to eradicate poverty, protect the planet and ensure prosperity for all as established by the 2030 Agenda.<\/p>\n\n\n\n<figure class=\"wp-block-embed is-type-video is-provider-youtube wp-block-embed-youtube wp-embed-aspect-16-9 wp-has-aspect-ratio\"><div class=\"wp-block-embed__wrapper\">\n<iframe title=\"An\u00e1lisis del avance hacia el desarrollo comunitario, San Agust\u00edn, Namasigue\" width=\"1140\" height=\"641\" src=\"https:\/\/www.youtube.com\/embed\/hPpvghEzvZQ?feature=oembed\" frameborder=\"0\" allow=\"accelerometer; autoplay; clipboard-write; encrypted-media; gyroscope; picture-in-picture; web-share\" referrerpolicy=\"strict-origin-when-cross-origin\" allowfullscreen><\/iframe>\n<\/div><\/figure>\n\n\n\n<p><\/p>","protected":false},"excerpt":{"rendered":"<p>En celebraci\u00f3n del D\u00eda Internacional del Voluntariado, Fundaci\u00f3n Agrol\u00edbano brinda reconocimiento en un evento anual a m\u00e1s de 200 personas voluntarias e integrantes de las organizaciones de base comunitaria de 18 comunidades rurales en Valle y Choluteca, por el aporte que brindan para la mejora de las condiciones de vida de la poblaci\u00f3n, as\u00ed como [&hellip;]<\/p>\n","protected":false},"author":4,"featured_media":28295,"comment_status":"open","ping_status":"open","sticky":false,"template":"","format":"standard","meta":{"footnotes":""},"categories":[3],"tags":[],"class_list":["post-1586","post","type-post","status-publish","format-standard","has-post-thumbnail","hentry","category-sala-de-prensa"],"_links":{"self":[{"href":"https:\/\/fundacionagrolibano.org\/en\/wp-json\/wp\/v2\/posts\/1586","targetHints":{"allow":["GET"]}}],"collection":[{"href":"https:\/\/fundacionagrolibano.org\/en\/wp-json\/wp\/v2\/posts"}],"about":[{"href":"https:\/\/fundacionagrolibano.org\/en\/wp-json\/wp\/v2\/types\/post"}],"author":[{"embeddable":true,"href":"https:\/\/fundacionagrolibano.org\/en\/wp-json\/wp\/v2\/users\/4"}],"replies":[{"embeddable":true,"href":"https:\/\/fundacionagrolibano.org\/en\/wp-json\/wp\/v2\/comments?post=1586"}],"version-history":[{"count":3,"href":"https:\/\/fundacionagrolibano.org\/en\/wp-json\/wp\/v2\/posts\/1586\/revisions"}],"predecessor-version":[{"id":28297,"href":"https:\/\/fundacionagrolibano.org\/en\/wp-json\/wp\/v2\/posts\/1586\/revisions\/28297"}],"wp:featuredmedia":[{"embeddable":true,"href":"https:\/\/fundacionagrolibano.org\/en\/wp-json\/wp\/v2\/media\/28295"}],"wp:attachment":[{"href":"https:\/\/fundacionagrolibano.org\/en\/wp-json\/wp\/v2\/media?parent=1586"}],"wp:term":[{"taxonomy":"category","embeddable":true,"href":"https:\/\/fundacionagrolibano.org\/en\/wp-json\/wp\/v2\/categories?post=1586"},{"taxonomy":"post_tag","embeddable":true,"href":"https:\/\/fundacionagrolibano.org\/en\/wp-json\/wp\/v2\/tags?post=1586"}],"curies":[{"name":"wp","href":"https:\/\/api.w.org\/{rel}","templated":true}]}}