{"id":1589,"date":"2023-12-29T15:18:16","date_gmt":"2023-12-29T15:18:16","guid":{"rendered":"https:\/\/www.fundacionagrolibano2.org\/?p=1589"},"modified":"2024-10-29T19:21:59","modified_gmt":"2024-10-29T19:21:59","slug":"agrolibano-promueve-analisis-del-avance-hacia-el-desarrollo-comunitario-sostenible-en-la-comunidad-de-el-espino","status":"publish","type":"post","link":"https:\/\/fundacionagrolibano.org\/en\/agrolibano-promueve-analisis-del-avance-hacia-el-desarrollo-comunitario-sostenible-en-la-comunidad-de-el-espino\/","title":{"rendered":"Agrol\u00edbano promotes analysis of progress towards sustainable community development in the community of El Espino"},"content":{"rendered":"<p>Agrol\u00edbano, through its Foundation, continues to hold community sessions to analyze progress toward sustainable community development in the communities neighboring the melon farms. On December 14, it was the turn of the community of Papal\u00f3n, in the municipality of Nacaome, with 24 representatives of the board of trustees, representatives of the churches, representatives of the Water Board, community volunteers, among others.<\/p>\n\n\n\n<p>With the support of playful methodologies, participants identify the background, current situation and challenges they face in the execution of their development plans, taking into account their multidimensional poverty condition and the organizational capacities in their community. This activity contributes to the goals of SDGs 1, 5, 10, 12, 16 and 17.<\/p>","protected":false},"excerpt":{"rendered":"<p>Agrol\u00edbano a trav\u00e9s de su Fundaci\u00f3n, contin\u00faa realizando sesiones comunitarias para el an\u00e1lisis de los avances hacia el desarrollo comunitario sostenible en las comunidades vecinas a las fincas meloneras, este 14 de diciembre correspondi\u00f3 a la comunidad de Papal\u00f3n, en el municipio de Nacaome, con 24 representantes del patronato, representantes de las iglesias, representantes de [&hellip;]<\/p>\n","protected":false},"author":4,"featured_media":1592,"comment_status":"open","ping_status":"open","sticky":false,"template":"","format":"standard","meta":{"footnotes":""},"categories":[3],"tags":[],"class_list":["post-1589","post","type-post","status-publish","format-standard","has-post-thumbnail","hentry","category-sala-de-prensa"],"_links":{"self":[{"href":"https:\/\/fundacionagrolibano.org\/en\/wp-json\/wp\/v2\/posts\/1589","targetHints":{"allow":["GET"]}}],"collection":[{"href":"https:\/\/fundacionagrolibano.org\/en\/wp-json\/wp\/v2\/posts"}],"about":[{"href":"https:\/\/fundacionagrolibano.org\/en\/wp-json\/wp\/v2\/types\/post"}],"author":[{"embeddable":true,"href":"https:\/\/fundacionagrolibano.org\/en\/wp-json\/wp\/v2\/users\/4"}],"replies":[{"embeddable":true,"href":"https:\/\/fundacionagrolibano.org\/en\/wp-json\/wp\/v2\/comments?post=1589"}],"version-history":[{"count":4,"href":"https:\/\/fundacionagrolibano.org\/en\/wp-json\/wp\/v2\/posts\/1589\/revisions"}],"predecessor-version":[{"id":28296,"href":"https:\/\/fundacionagrolibano.org\/en\/wp-json\/wp\/v2\/posts\/1589\/revisions\/28296"}],"wp:featuredmedia":[{"embeddable":true,"href":"https:\/\/fundacionagrolibano.org\/en\/wp-json\/wp\/v2\/media\/1592"}],"wp:attachment":[{"href":"https:\/\/fundacionagrolibano.org\/en\/wp-json\/wp\/v2\/media?parent=1589"}],"wp:term":[{"taxonomy":"category","embeddable":true,"href":"https:\/\/fundacionagrolibano.org\/en\/wp-json\/wp\/v2\/categories?post=1589"},{"taxonomy":"post_tag","embeddable":true,"href":"https:\/\/fundacionagrolibano.org\/en\/wp-json\/wp\/v2\/tags?post=1589"}],"curies":[{"name":"wp","href":"https:\/\/api.w.org\/{rel}","templated":true}]}}