{"id":1604,"date":"2024-01-18T04:52:00","date_gmt":"2024-01-18T04:52:00","guid":{"rendered":"https:\/\/www.fundacionagrolibano2.org\/?p=1604"},"modified":"2024-10-29T19:23:16","modified_gmt":"2024-10-29T19:23:16","slug":"reconocimiento-al-aporte-en-educacion-en-el-municipio-de-nacaome-a-fundacion-agrolibano","status":"publish","type":"post","link":"https:\/\/fundacionagrolibano.org\/en\/reconocimiento-al-aporte-en-educacion-en-el-municipio-de-nacaome-a-fundacion-agrolibano\/","title":{"rendered":"Recognition of the contribution to education in the municipality of Nacaome to the Agrol\u00edbano Foundation"},"content":{"rendered":"<p>Agrol\u00edbano Foundation leads the Programs Support for the Comprehensive Development of Children and Adolescents in the School Environment (ADINAE) and Access to Education for Socially Excluded Groups (AEGES), which contribute to achieving educational quality in 14 public educational centers and to indicators such as reducing school dropouts and increasing schooling in the population.<\/p>\n\n\n\n<p>With the recognition we received from the Departmental Directorate of Education of Valle, we are even more committed to the continuity of actions contemplated in ADINAE and AEGES and thus together we contribute to the achievement of Sustainable Development Goals # 4, 16 and 17.<\/p>","protected":false},"excerpt":{"rendered":"<p>Fundaci\u00f3n Agrol\u00edbano liderando los Programas Apoyo al Desarrollo Integral de la Ni\u00f1ez y Adolescencia en el \u00c1mbito Escolar (ADINAE) y Acceso a la Educaci\u00f3n a Grupos en Exclusi\u00f3n Social (AEGES), con los que se aporta para el logro de la calidad educativa en 14 centros educativos p\u00fablicos y a indicadores como disminuir el rezago escolar [&hellip;]<\/p>\n","protected":false},"author":4,"featured_media":1607,"comment_status":"open","ping_status":"open","sticky":false,"template":"","format":"standard","meta":{"footnotes":""},"categories":[3],"tags":[],"class_list":["post-1604","post","type-post","status-publish","format-standard","has-post-thumbnail","hentry","category-sala-de-prensa"],"_links":{"self":[{"href":"https:\/\/fundacionagrolibano.org\/en\/wp-json\/wp\/v2\/posts\/1604","targetHints":{"allow":["GET"]}}],"collection":[{"href":"https:\/\/fundacionagrolibano.org\/en\/wp-json\/wp\/v2\/posts"}],"about":[{"href":"https:\/\/fundacionagrolibano.org\/en\/wp-json\/wp\/v2\/types\/post"}],"author":[{"embeddable":true,"href":"https:\/\/fundacionagrolibano.org\/en\/wp-json\/wp\/v2\/users\/4"}],"replies":[{"embeddable":true,"href":"https:\/\/fundacionagrolibano.org\/en\/wp-json\/wp\/v2\/comments?post=1604"}],"version-history":[{"count":5,"href":"https:\/\/fundacionagrolibano.org\/en\/wp-json\/wp\/v2\/posts\/1604\/revisions"}],"predecessor-version":[{"id":28302,"href":"https:\/\/fundacionagrolibano.org\/en\/wp-json\/wp\/v2\/posts\/1604\/revisions\/28302"}],"wp:featuredmedia":[{"embeddable":true,"href":"https:\/\/fundacionagrolibano.org\/en\/wp-json\/wp\/v2\/media\/1607"}],"wp:attachment":[{"href":"https:\/\/fundacionagrolibano.org\/en\/wp-json\/wp\/v2\/media?parent=1604"}],"wp:term":[{"taxonomy":"category","embeddable":true,"href":"https:\/\/fundacionagrolibano.org\/en\/wp-json\/wp\/v2\/categories?post=1604"},{"taxonomy":"post_tag","embeddable":true,"href":"https:\/\/fundacionagrolibano.org\/en\/wp-json\/wp\/v2\/tags?post=1604"}],"curies":[{"name":"wp","href":"https:\/\/api.w.org\/{rel}","templated":true}]}}