{"id":1609,"date":"2024-01-24T05:11:16","date_gmt":"2024-01-24T05:11:16","guid":{"rendered":"https:\/\/www.fundacionagrolibano2.org\/?p=1609"},"modified":"2024-10-29T19:24:33","modified_gmt":"2024-10-29T19:24:33","slug":"concluye-alfabetizacion-en-comunidades-de-nacaome-valle","status":"publish","type":"post","link":"https:\/\/fundacionagrolibano.org\/en\/concluye-alfabetizacion-en-comunidades-de-nacaome-valle\/","title":{"rendered":"Literacy training concludes in communities of Nacaome, Valle"},"content":{"rendered":"<p>Through literacy processes carried out in 4 communities, 39 people were able to develop reading, writing and basic arithmetic skills. The literacy training, carried out by the AEGES program \u2013 Access to Education for Socially Excluded Groups, implemented by the Agrol\u00edbano Foundation, in alliance with the \u201cYes, I can\u201d program of the Ministry of Education, contributes to SDGs 4, 16 and 17.<\/p>\n\n\n\n<figure class=\"wp-block-embed is-type-video is-provider-youtube wp-block-embed-youtube wp-embed-aspect-16-9 wp-has-aspect-ratio\"><div class=\"wp-block-embed__wrapper\">\n<iframe title=\"Programa de acceso a Educaci\u00f3n a Grupos en Exclusi\u00f3n Social en la comunidad de El Espino.\" width=\"1140\" height=\"641\" src=\"https:\/\/www.youtube.com\/embed\/F41a3GklyqA?feature=oembed\" frameborder=\"0\" allow=\"accelerometer; autoplay; clipboard-write; encrypted-media; gyroscope; picture-in-picture; web-share\" referrerpolicy=\"strict-origin-when-cross-origin\" allowfullscreen><\/iframe>\n<\/div><\/figure>","protected":false},"excerpt":{"rendered":"<p>A trav\u00e9s de procesos de alfabetizaci\u00f3n realizados en 4 comunidades, 39 personas lograron desarrollar habilidades de lectura, escritura y aritm\u00e9tica b\u00e1sica. La alfabetizaci\u00f3n, llevada a cabo por el programa AEGES \u2013 Acceso a Educaci\u00f3n a Grupos en Exclusi\u00f3n Social, implementado por Fundaci\u00f3n Agrol\u00edbano, en alianza con el programa \u201cYo s\u00ed puedo\u201d de la Secretar\u00eda de [&hellip;]<\/p>\n","protected":false},"author":4,"featured_media":28304,"comment_status":"open","ping_status":"open","sticky":false,"template":"","format":"standard","meta":{"footnotes":""},"categories":[3],"tags":[],"class_list":["post-1609","post","type-post","status-publish","format-standard","has-post-thumbnail","hentry","category-sala-de-prensa"],"_links":{"self":[{"href":"https:\/\/fundacionagrolibano.org\/en\/wp-json\/wp\/v2\/posts\/1609","targetHints":{"allow":["GET"]}}],"collection":[{"href":"https:\/\/fundacionagrolibano.org\/en\/wp-json\/wp\/v2\/posts"}],"about":[{"href":"https:\/\/fundacionagrolibano.org\/en\/wp-json\/wp\/v2\/types\/post"}],"author":[{"embeddable":true,"href":"https:\/\/fundacionagrolibano.org\/en\/wp-json\/wp\/v2\/users\/4"}],"replies":[{"embeddable":true,"href":"https:\/\/fundacionagrolibano.org\/en\/wp-json\/wp\/v2\/comments?post=1609"}],"version-history":[{"count":4,"href":"https:\/\/fundacionagrolibano.org\/en\/wp-json\/wp\/v2\/posts\/1609\/revisions"}],"predecessor-version":[{"id":28306,"href":"https:\/\/fundacionagrolibano.org\/en\/wp-json\/wp\/v2\/posts\/1609\/revisions\/28306"}],"wp:featuredmedia":[{"embeddable":true,"href":"https:\/\/fundacionagrolibano.org\/en\/wp-json\/wp\/v2\/media\/28304"}],"wp:attachment":[{"href":"https:\/\/fundacionagrolibano.org\/en\/wp-json\/wp\/v2\/media?parent=1609"}],"wp:term":[{"taxonomy":"category","embeddable":true,"href":"https:\/\/fundacionagrolibano.org\/en\/wp-json\/wp\/v2\/categories?post=1609"},{"taxonomy":"post_tag","embeddable":true,"href":"https:\/\/fundacionagrolibano.org\/en\/wp-json\/wp\/v2\/tags?post=1609"}],"curies":[{"name":"wp","href":"https:\/\/api.w.org\/{rel}","templated":true}]}}