{"id":1615,"date":"2024-01-23T05:13:59","date_gmt":"2024-01-23T05:13:59","guid":{"rendered":"https:\/\/www.fundacionagrolibano2.org\/?p=1615"},"modified":"2024-10-29T19:23:33","modified_gmt":"2024-10-29T19:23:33","slug":"proyecto-de-construccion-y-reparacion-del-centro-de-educacion-basica-12-de-octubre-nacaome-valle","status":"publish","type":"post","link":"https:\/\/fundacionagrolibano.org\/en\/proyecto-de-construccion-y-reparacion-del-centro-de-educacion-basica-12-de-octubre-nacaome-valle\/","title":{"rendered":"Construction and Repair Project for the 12th of October Basic Education Center, Nacaome Valle"},"content":{"rendered":"<p>One of the strategies of the Program to Support the Comprehensive Development of Children and Adolescents in the School Environment (ADINAE) contributes to the improvement of school infrastructure.<\/p>\n\n\n\n<p>&nbsp;This is how, with funding from the Japanese Embassy, \u200b\u200bthe Nacaome Municipal Mayor's Office and the Agrol\u00edbano Foundation, and the active participation of the educational community, the implementation of the infrastructure improvement project of the CEB 12 de Octubre has begun, based on the regulations established by the Ministry of Education, to build a 3-classroom module and a 6-toilet module (bathrooms), rebuild 4 classrooms, and repair the perimeter fence and the entrance gate. With the implementation of these improvements, students will have access to safe, inclusive, and effective learning spaces for their comprehensive development, thus contributing to the fulfillment of SDGs #4 and #17 by doing so in public-private partnerships that optimize the experience and resources of all actors involved.<\/p>","protected":false},"excerpt":{"rendered":"<p>Una de las estrategias del Programa de Apoyo al Desarrollo Integral de la Ni\u00f1ez y Adolescencia en el \u00c1mbito Escolar (ADINAE), contribuye al mejoramiento de infraestructura escolar. &nbsp;Es as\u00ed como, con el financiamiento de la Embajada del Jap\u00f3n, Alcald\u00eda Municipal de Nacaome y Fundaci\u00f3n Agrol\u00edbano, y la participaci\u00f3n activa de la comunidad educativa, se ha [&hellip;]<\/p>\n","protected":false},"author":4,"featured_media":1618,"comment_status":"open","ping_status":"open","sticky":false,"template":"","format":"standard","meta":{"footnotes":""},"categories":[3],"tags":[],"class_list":["post-1615","post","type-post","status-publish","format-standard","has-post-thumbnail","hentry","category-sala-de-prensa"],"_links":{"self":[{"href":"https:\/\/fundacionagrolibano.org\/en\/wp-json\/wp\/v2\/posts\/1615","targetHints":{"allow":["GET"]}}],"collection":[{"href":"https:\/\/fundacionagrolibano.org\/en\/wp-json\/wp\/v2\/posts"}],"about":[{"href":"https:\/\/fundacionagrolibano.org\/en\/wp-json\/wp\/v2\/types\/post"}],"author":[{"embeddable":true,"href":"https:\/\/fundacionagrolibano.org\/en\/wp-json\/wp\/v2\/users\/4"}],"replies":[{"embeddable":true,"href":"https:\/\/fundacionagrolibano.org\/en\/wp-json\/wp\/v2\/comments?post=1615"}],"version-history":[{"count":5,"href":"https:\/\/fundacionagrolibano.org\/en\/wp-json\/wp\/v2\/posts\/1615\/revisions"}],"predecessor-version":[{"id":28303,"href":"https:\/\/fundacionagrolibano.org\/en\/wp-json\/wp\/v2\/posts\/1615\/revisions\/28303"}],"wp:featuredmedia":[{"embeddable":true,"href":"https:\/\/fundacionagrolibano.org\/en\/wp-json\/wp\/v2\/media\/1618"}],"wp:attachment":[{"href":"https:\/\/fundacionagrolibano.org\/en\/wp-json\/wp\/v2\/media?parent=1615"}],"wp:term":[{"taxonomy":"category","embeddable":true,"href":"https:\/\/fundacionagrolibano.org\/en\/wp-json\/wp\/v2\/categories?post=1615"},{"taxonomy":"post_tag","embeddable":true,"href":"https:\/\/fundacionagrolibano.org\/en\/wp-json\/wp\/v2\/tags?post=1615"}],"curies":[{"name":"wp","href":"https:\/\/api.w.org\/{rel}","templated":true}]}}