{"id":1629,"date":"2024-02-05T05:27:52","date_gmt":"2024-02-05T05:27:52","guid":{"rendered":"https:\/\/www.fundacionagrolibano2.org\/?p=1629"},"modified":"2024-10-29T19:26:09","modified_gmt":"2024-10-29T19:26:09","slug":"mejora-en-la-infraestructura-del-ceb-liberato-mendoza","status":"publish","type":"post","link":"https:\/\/fundacionagrolibano.org\/en\/mejora-en-la-infraestructura-del-ceb-liberato-mendoza\/","title":{"rendered":"Improvements to the infrastructure of the CEB Liberato Mendoza"},"content":{"rendered":"<p>Through the ADINAE program, which supports the comprehensive development of children and adolescents in the school environment, the Agrol\u00edbano Foundation contributed to the improvement of the infrastructure of three classrooms at the CEB Liberato Mendoza in Malpaso, Orocuina. These improvements benefit more than 200 students from 11 surrounding communities.<\/p>\n\n\n<figure class=\"wp-block-image size-full\"><img fetchpriority=\"high\" decoding=\"async\" width=\"397\" height=\"226\" src=\"https:\/\/www.fundacionagrolibano2.org\/wp-content\/uploads\/2024\/02\/infrastucture2.png\" alt=\"\" class=\"wp-image-28307\" srcset=\"https:\/\/fundacionagrolibano.org\/wp-content\/uploads\/2024\/02\/infrastucture2.png 397w, https:\/\/fundacionagrolibano.org\/wp-content\/uploads\/2024\/02\/infrastucture2-300x171.png 300w\" sizes=\"(max-width: 397px) 100vw, 397px\" \/><\/figure>\n\n\n\n<p>The improvements were made possible through the efforts and contributions of the Municipal Government of Orocuina and the CEB educational community, collectively strengthening safe and effective learning environments as outlined in SDG 4 and 17 targets.<\/p>\n\n\n\n<figure class=\"wp-block-embed is-type-video is-provider-youtube wp-block-embed-youtube wp-embed-aspect-16-9 wp-has-aspect-ratio\"><div class=\"wp-block-embed__wrapper\">\n<iframe title=\"Mejora de tres aulas del CEB Liberato Mendoza en Malpaso, Orocuina\" width=\"1140\" height=\"641\" src=\"https:\/\/www.youtube.com\/embed\/4GtmlN-GyH8?feature=oembed\" frameborder=\"0\" allow=\"accelerometer; autoplay; clipboard-write; encrypted-media; gyroscope; picture-in-picture; web-share\" referrerpolicy=\"strict-origin-when-cross-origin\" allowfullscreen><\/iframe>\n<\/div><\/figure>","protected":false},"excerpt":{"rendered":"<p>A trav\u00e9s del programa ADINAE, que apoya el desarrollo integral de ni\u00f1os, ni\u00f1as y adolescentes en el \u00e1mbito escolar, la Fundaci\u00f3n Agrol\u00edbano contribuy\u00f3 al mejoramiento de la infraestructura de tres aulas del CEB Liberato Mendoza en Malpaso, Orocuina. Estas mejoras benefician a m\u00e1s de 200 estudiantes de 11 comunidades aleda\u00f1as. Las mejoras fueron posibles gracias [&hellip;]<\/p>\n","protected":false},"author":4,"featured_media":28308,"comment_status":"open","ping_status":"open","sticky":false,"template":"","format":"standard","meta":{"footnotes":""},"categories":[3],"tags":[],"class_list":["post-1629","post","type-post","status-publish","format-standard","has-post-thumbnail","hentry","category-sala-de-prensa"],"_links":{"self":[{"href":"https:\/\/fundacionagrolibano.org\/en\/wp-json\/wp\/v2\/posts\/1629","targetHints":{"allow":["GET"]}}],"collection":[{"href":"https:\/\/fundacionagrolibano.org\/en\/wp-json\/wp\/v2\/posts"}],"about":[{"href":"https:\/\/fundacionagrolibano.org\/en\/wp-json\/wp\/v2\/types\/post"}],"author":[{"embeddable":true,"href":"https:\/\/fundacionagrolibano.org\/en\/wp-json\/wp\/v2\/users\/4"}],"replies":[{"embeddable":true,"href":"https:\/\/fundacionagrolibano.org\/en\/wp-json\/wp\/v2\/comments?post=1629"}],"version-history":[{"count":3,"href":"https:\/\/fundacionagrolibano.org\/en\/wp-json\/wp\/v2\/posts\/1629\/revisions"}],"predecessor-version":[{"id":28309,"href":"https:\/\/fundacionagrolibano.org\/en\/wp-json\/wp\/v2\/posts\/1629\/revisions\/28309"}],"wp:featuredmedia":[{"embeddable":true,"href":"https:\/\/fundacionagrolibano.org\/en\/wp-json\/wp\/v2\/media\/28308"}],"wp:attachment":[{"href":"https:\/\/fundacionagrolibano.org\/en\/wp-json\/wp\/v2\/media?parent=1629"}],"wp:term":[{"taxonomy":"category","embeddable":true,"href":"https:\/\/fundacionagrolibano.org\/en\/wp-json\/wp\/v2\/categories?post=1629"},{"taxonomy":"post_tag","embeddable":true,"href":"https:\/\/fundacionagrolibano.org\/en\/wp-json\/wp\/v2\/tags?post=1629"}],"curies":[{"name":"wp","href":"https:\/\/api.w.org\/{rel}","templated":true}]}}