{"id":1646,"date":"2024-03-08T05:59:24","date_gmt":"2024-03-08T05:59:24","guid":{"rendered":"https:\/\/www.fundacionagrolibano2.org\/?p=1646"},"modified":"2024-10-29T19:28:33","modified_gmt":"2024-10-29T19:28:33","slug":"donacion-de-material-educativo-en-la-zona-sur","status":"publish","type":"post","link":"https:\/\/fundacionagrolibano.org\/en\/donacion-de-material-educativo-en-la-zona-sur\/","title":{"rendered":"Donation of educational material in the southern area"},"content":{"rendered":"<p>Teachers and students from 14 educational centers supported by the ADINAE program, which promotes the comprehensive development of children and adolescents in the school environment, benefited from the donation of Natural Sciences guides for 2nd and 3rd grade and Social Studies for 5th grade, as well as exercise books for students. Additionally, 3,778 teacher guides were donated to the Departmental Education Directorates of Valle and Choluteca for distribution to other educational centers in the southern zone.<\/p>\n\n\n\n<p>This donation was made possible thanks to our partner company Inversiones Publicitarias, which has been a prominent donor to the Agrol\u00edbano Foundation since 2021. This contribution supports the achievement of SDGs #4 and #17 by promoting inclusive, equitable, and quality education with learning opportunities in partnership with multiple stakeholders.<\/p>","protected":false},"excerpt":{"rendered":"<p>Docentes y estudiantes de 14 centros educativos apoyados por el programa ADINAE, que promueve el desarrollo integral de ni\u00f1os, ni\u00f1as y adolescentes en el \u00e1mbito escolar, se beneficiaron con la donaci\u00f3n de gu\u00edas de Ciencias Naturales para 2do y 3er grado y de Estudios Sociales para 5to grado, as\u00ed como cuadernos de ejercicios para los [&hellip;]<\/p>\n","protected":false},"author":4,"featured_media":28320,"comment_status":"open","ping_status":"open","sticky":false,"template":"","format":"standard","meta":{"footnotes":""},"categories":[3],"tags":[],"class_list":["post-1646","post","type-post","status-publish","format-standard","has-post-thumbnail","hentry","category-sala-de-prensa"],"_links":{"self":[{"href":"https:\/\/fundacionagrolibano.org\/en\/wp-json\/wp\/v2\/posts\/1646","targetHints":{"allow":["GET"]}}],"collection":[{"href":"https:\/\/fundacionagrolibano.org\/en\/wp-json\/wp\/v2\/posts"}],"about":[{"href":"https:\/\/fundacionagrolibano.org\/en\/wp-json\/wp\/v2\/types\/post"}],"author":[{"embeddable":true,"href":"https:\/\/fundacionagrolibano.org\/en\/wp-json\/wp\/v2\/users\/4"}],"replies":[{"embeddable":true,"href":"https:\/\/fundacionagrolibano.org\/en\/wp-json\/wp\/v2\/comments?post=1646"}],"version-history":[{"count":3,"href":"https:\/\/fundacionagrolibano.org\/en\/wp-json\/wp\/v2\/posts\/1646\/revisions"}],"predecessor-version":[{"id":28321,"href":"https:\/\/fundacionagrolibano.org\/en\/wp-json\/wp\/v2\/posts\/1646\/revisions\/28321"}],"wp:featuredmedia":[{"embeddable":true,"href":"https:\/\/fundacionagrolibano.org\/en\/wp-json\/wp\/v2\/media\/28320"}],"wp:attachment":[{"href":"https:\/\/fundacionagrolibano.org\/en\/wp-json\/wp\/v2\/media?parent=1646"}],"wp:term":[{"taxonomy":"category","embeddable":true,"href":"https:\/\/fundacionagrolibano.org\/en\/wp-json\/wp\/v2\/categories?post=1646"},{"taxonomy":"post_tag","embeddable":true,"href":"https:\/\/fundacionagrolibano.org\/en\/wp-json\/wp\/v2\/tags?post=1646"}],"curies":[{"name":"wp","href":"https:\/\/api.w.org\/{rel}","templated":true}]}}