{"id":1656,"date":"2024-04-05T16:56:32","date_gmt":"2024-04-05T16:56:32","guid":{"rendered":"https:\/\/www.fundacionagrolibano2.org\/?p=1656"},"modified":"2024-10-29T19:30:00","modified_gmt":"2024-10-29T19:30:00","slug":"nutricion-ninos-y-ninas-en-edad-escolar","status":"publish","type":"post","link":"https:\/\/fundacionagrolibano.org\/en\/nutricion-ninos-y-ninas-en-edad-escolar\/","title":{"rendered":"Nutrition for school-age children"},"content":{"rendered":"\n<p>La nutrici\u00f3n de ni\u00f1os y ni\u00f1as en edad escolar es determinante para su rendimiento acad\u00e9mico y desarrollo integral; es por eso que Fundaci\u00f3n Agrol\u00edbano cada a\u00f1o realiza mediciones antropom\u00e9tricas en 28 centros educativos, donde se identifica situaciones de malnutrici\u00f3n que afecten el sano desarrollo de la ni\u00f1ez, este a\u00f1o se ha iniciado con acciones de sensibilizaci\u00f3n a la comunidad educativa, compartiendo los resultados de las mediciones realizadas el 2023, para generar conciencia sobre la importancia de la nutrici\u00f3n en la edad escolar y promover acciones conjuntas entre padres de familia, docentes y Fundaci\u00f3n Agrol\u00edbano, a fin de favorecer el desarrollo y bienestar en esta etapa de la vida. <a href=\"https:\/\/www.facebook.com\/hashtag\/nutricionescolar?__eep__=6&amp;__cft__[0]=AZXdWsQFQqVxBr5-GI0rmcf1x0zd-c6L5Hr9d5WoTJLOhXjI_1xQQdJSNWb81W0aInyujx_ziWkVugemA1lrWN9XxTfIanZIWasnXZ4TauCehC9FSQX_5fSIf5qw4PgJLVXOvbiJN4IxDBWpl0AhL0EL_1hzGRMqGEJrhja3ep8PcvTsHDQQ4BG6ep7O7DNi5XbFUTtag2ezLGP5uX_VaBmf&amp;__tn__=*NK-R\">#nutricionescolar<\/a><\/p>\n","protected":false},"excerpt":{"rendered":"<p>La nutrici\u00f3n de ni\u00f1os y ni\u00f1as en edad escolar es determinante para su rendimiento acad\u00e9mico y desarrollo integral; es por eso que Fundaci\u00f3n Agrol\u00edbano cada a\u00f1o realiza mediciones antropom\u00e9tricas en 28 centros educativos, donde se identifica situaciones de malnutrici\u00f3n que afecten el sano desarrollo de la ni\u00f1ez, este a\u00f1o se ha iniciado con acciones de [&hellip;]<\/p>\n","protected":false},"author":4,"featured_media":1660,"comment_status":"open","ping_status":"open","sticky":false,"template":"","format":"standard","meta":{"footnotes":""},"categories":[3],"tags":[],"class_list":["post-1656","post","type-post","status-publish","format-standard","has-post-thumbnail","hentry","category-sala-de-prensa"],"_links":{"self":[{"href":"https:\/\/fundacionagrolibano.org\/en\/wp-json\/wp\/v2\/posts\/1656","targetHints":{"allow":["GET"]}}],"collection":[{"href":"https:\/\/fundacionagrolibano.org\/en\/wp-json\/wp\/v2\/posts"}],"about":[{"href":"https:\/\/fundacionagrolibano.org\/en\/wp-json\/wp\/v2\/types\/post"}],"author":[{"embeddable":true,"href":"https:\/\/fundacionagrolibano.org\/en\/wp-json\/wp\/v2\/users\/4"}],"replies":[{"embeddable":true,"href":"https:\/\/fundacionagrolibano.org\/en\/wp-json\/wp\/v2\/comments?post=1656"}],"version-history":[{"count":3,"href":"https:\/\/fundacionagrolibano.org\/en\/wp-json\/wp\/v2\/posts\/1656\/revisions"}],"predecessor-version":[{"id":28327,"href":"https:\/\/fundacionagrolibano.org\/en\/wp-json\/wp\/v2\/posts\/1656\/revisions\/28327"}],"wp:featuredmedia":[{"embeddable":true,"href":"https:\/\/fundacionagrolibano.org\/en\/wp-json\/wp\/v2\/media\/1660"}],"wp:attachment":[{"href":"https:\/\/fundacionagrolibano.org\/en\/wp-json\/wp\/v2\/media?parent=1656"}],"wp:term":[{"taxonomy":"category","embeddable":true,"href":"https:\/\/fundacionagrolibano.org\/en\/wp-json\/wp\/v2\/categories?post=1656"},{"taxonomy":"post_tag","embeddable":true,"href":"https:\/\/fundacionagrolibano.org\/en\/wp-json\/wp\/v2\/tags?post=1656"}],"curies":[{"name":"wp","href":"https:\/\/api.w.org\/{rel}","templated":true}]}}