{"id":1663,"date":"2024-04-18T15:27:46","date_gmt":"2024-04-18T15:27:46","guid":{"rendered":"https:\/\/www.fundacionagrolibano2.org\/?p=1663"},"modified":"2024-10-29T19:31:25","modified_gmt":"2024-10-29T19:31:25","slug":"rendicion-de-cuentas-fundacion-agrolibano","status":"publish","type":"post","link":"https:\/\/fundacionagrolibano.org\/en\/rendicion-de-cuentas-fundacion-agrolibano\/","title":{"rendered":"Agrol\u00edbano Foundation Accountability"},"content":{"rendered":"<p>We would like to express our sincere gratitude for being a fundamental part of our commitment to sustainable development! <img decoding=\"async\" width=\"16\" height=\"16\" src=\"https:\/\/static.xx.fbcdn.net\/images\/emoji.php\/v9\/t69\/1\/16\/1f331.png\" alt=\"\ud83c\udf31\"> At Agrol\u00edbano, as a socially responsible company, we have worked tirelessly through our social investment carried out by Fundaci\u00f3n Agrol\u00edbano to facilitate opportunities and empower neighboring communities in southern Honduras. <img decoding=\"async\" width=\"16\" height=\"16\" src=\"https:\/\/static.xx.fbcdn.net\/images\/emoji.php\/v9\/t3f\/1\/16\/1f30d.png\" alt=\"\ud83c\udf0d\"> In a spirit of transparency and collaboration, we share the impressive results of 2023 with beneficiaries, donors, partners, allies and special guests, with whom we celebrate these achievements and strengthen our commitment to a more prosperous and sustainable future. <img decoding=\"async\" width=\"16\" height=\"16\" src=\"https:\/\/static.xx.fbcdn.net\/images\/emoji.php\/v9\/t8c\/1\/16\/1f389.png\" alt=\"\ud83c\udf89\"> Thank you for being part of this important mission! <img loading=\"lazy\" decoding=\"async\" width=\"16\" height=\"16\" src=\"https:\/\/static.xx.fbcdn.net\/images\/emoji.php\/v9\/t94\/1\/16\/1f49a.png\" alt=\"\ud83d\udc9a\"><\/p>\n\n\n\n<figure class=\"wp-block-embed is-type-video is-provider-youtube wp-block-embed-youtube wp-embed-aspect-16-9 wp-has-aspect-ratio\"><div class=\"wp-block-embed__wrapper\">\n<iframe title=\"Presentaci\u00f3n de Resultados 2023, Fundaci\u00f3n Agrol\u00edbano\" width=\"1140\" height=\"641\" src=\"https:\/\/www.youtube.com\/embed\/kg4H8fqx9Oo?feature=oembed\" frameborder=\"0\" allow=\"accelerometer; autoplay; clipboard-write; encrypted-media; gyroscope; picture-in-picture; web-share\" referrerpolicy=\"strict-origin-when-cross-origin\" allowfullscreen><\/iframe>\n<\/div><\/figure>","protected":false},"excerpt":{"rendered":"<p>\u00a1Queremos expresar nuestro m\u00e1s sincero agradecimiento por ser parte fundamental de nuestro compromiso con el desarrollo sostenible! En Agrol\u00edbano, como empresa socialmente responsable, hemos trabajado incansablemente a trav\u00e9s de nuestra inversi\u00f3n social que ejecuta Fundaci\u00f3n Agrol\u00edbano para as\u00ed lograr facilitar oportunidades y empoderar a las comunidades vecinas en el sur de Honduras. En un esp\u00edritu [&hellip;]<\/p>\n","protected":false},"author":4,"featured_media":28329,"comment_status":"open","ping_status":"open","sticky":false,"template":"","format":"standard","meta":{"footnotes":""},"categories":[3],"tags":[],"class_list":["post-1663","post","type-post","status-publish","format-standard","has-post-thumbnail","hentry","category-sala-de-prensa"],"_links":{"self":[{"href":"https:\/\/fundacionagrolibano.org\/en\/wp-json\/wp\/v2\/posts\/1663","targetHints":{"allow":["GET"]}}],"collection":[{"href":"https:\/\/fundacionagrolibano.org\/en\/wp-json\/wp\/v2\/posts"}],"about":[{"href":"https:\/\/fundacionagrolibano.org\/en\/wp-json\/wp\/v2\/types\/post"}],"author":[{"embeddable":true,"href":"https:\/\/fundacionagrolibano.org\/en\/wp-json\/wp\/v2\/users\/4"}],"replies":[{"embeddable":true,"href":"https:\/\/fundacionagrolibano.org\/en\/wp-json\/wp\/v2\/comments?post=1663"}],"version-history":[{"count":4,"href":"https:\/\/fundacionagrolibano.org\/en\/wp-json\/wp\/v2\/posts\/1663\/revisions"}],"predecessor-version":[{"id":28331,"href":"https:\/\/fundacionagrolibano.org\/en\/wp-json\/wp\/v2\/posts\/1663\/revisions\/28331"}],"wp:featuredmedia":[{"embeddable":true,"href":"https:\/\/fundacionagrolibano.org\/en\/wp-json\/wp\/v2\/media\/28329"}],"wp:attachment":[{"href":"https:\/\/fundacionagrolibano.org\/en\/wp-json\/wp\/v2\/media?parent=1663"}],"wp:term":[{"taxonomy":"category","embeddable":true,"href":"https:\/\/fundacionagrolibano.org\/en\/wp-json\/wp\/v2\/categories?post=1663"},{"taxonomy":"post_tag","embeddable":true,"href":"https:\/\/fundacionagrolibano.org\/en\/wp-json\/wp\/v2\/tags?post=1663"}],"curies":[{"name":"wp","href":"https:\/\/api.w.org\/{rel}","templated":true}]}}