{"id":28580,"date":"2024-05-15T18:26:00","date_gmt":"2024-05-15T18:26:00","guid":{"rendered":"https:\/\/www.fundacionagrolibano2.org\/?p=28580"},"modified":"2024-11-01T18:31:41","modified_gmt":"2024-11-01T18:31:41","slug":"acuerdo-de-colaboracion-edall-fa-alianzas-que-cambian-vidas","status":"publish","type":"post","link":"https:\/\/fundacionagrolibano.org\/en\/acuerdo-de-colaboracion-edall-fa-alianzas-que-cambian-vidas\/","title":{"rendered":"EDALL-FA collaboration agreement: alliances that change lives"},"content":{"rendered":"<p>The Agrol\u00edbano Foundation and the Luis Landa Agricultural School (EDALL) join forces to provide opportunities to young graduates of basic education centers supported by the ADINAE and AEGES programs. These young people and their families, interested in pursuing a professional career, benefit from the study modalities offered by EDALL. This alliance contributes to SDGs 1, 4, 5, 10 and 17 by reducing poverty, improving education, promoting gender equality and reducing inequalities.<br><br><\/p>","protected":false},"excerpt":{"rendered":"<p>Fundaci\u00f3n Agrol\u00edbano y la Escuela Agr\u00edcola Luis Landa (EDALL) unen esfuerzos para brindar oportunidades a j\u00f3venes egresados \u200b\u200bde centros de educaci\u00f3n b\u00e1sica apoyados por los programas ADINAE y AEGES. Estos j\u00f3venes y sus familias, interesados \u200b\u200ben seguir una carrera profesional, se benefician de las modalidades de estudio que ofrece EDALL. Esta alianza contribuye a los [&hellip;]<\/p>\n","protected":false},"author":4,"featured_media":28581,"comment_status":"open","ping_status":"open","sticky":false,"template":"","format":"standard","meta":{"footnotes":""},"categories":[3],"tags":[],"class_list":["post-28580","post","type-post","status-publish","format-standard","has-post-thumbnail","hentry","category-sala-de-prensa"],"_links":{"self":[{"href":"https:\/\/fundacionagrolibano.org\/en\/wp-json\/wp\/v2\/posts\/28580","targetHints":{"allow":["GET"]}}],"collection":[{"href":"https:\/\/fundacionagrolibano.org\/en\/wp-json\/wp\/v2\/posts"}],"about":[{"href":"https:\/\/fundacionagrolibano.org\/en\/wp-json\/wp\/v2\/types\/post"}],"author":[{"embeddable":true,"href":"https:\/\/fundacionagrolibano.org\/en\/wp-json\/wp\/v2\/users\/4"}],"replies":[{"embeddable":true,"href":"https:\/\/fundacionagrolibano.org\/en\/wp-json\/wp\/v2\/comments?post=28580"}],"version-history":[{"count":1,"href":"https:\/\/fundacionagrolibano.org\/en\/wp-json\/wp\/v2\/posts\/28580\/revisions"}],"predecessor-version":[{"id":28582,"href":"https:\/\/fundacionagrolibano.org\/en\/wp-json\/wp\/v2\/posts\/28580\/revisions\/28582"}],"wp:featuredmedia":[{"embeddable":true,"href":"https:\/\/fundacionagrolibano.org\/en\/wp-json\/wp\/v2\/media\/28581"}],"wp:attachment":[{"href":"https:\/\/fundacionagrolibano.org\/en\/wp-json\/wp\/v2\/media?parent=28580"}],"wp:term":[{"taxonomy":"category","embeddable":true,"href":"https:\/\/fundacionagrolibano.org\/en\/wp-json\/wp\/v2\/categories?post=28580"},{"taxonomy":"post_tag","embeddable":true,"href":"https:\/\/fundacionagrolibano.org\/en\/wp-json\/wp\/v2\/tags?post=28580"}],"curies":[{"name":"wp","href":"https:\/\/api.w.org\/{rel}","templated":true}]}}