{"id":28586,"date":"2024-06-22T18:30:17","date_gmt":"2024-06-22T18:30:17","guid":{"rendered":"https:\/\/www.fundacionagrolibano2.org\/?p=28586"},"modified":"2024-11-01T18:32:25","modified_gmt":"2024-11-01T18:32:25","slug":"fortalecimiento-de-capacidades-para-los-comites-de-salud","status":"publish","type":"post","link":"https:\/\/fundacionagrolibano.org\/en\/fortalecimiento-de-capacidades-para-los-comites-de-salud\/","title":{"rendered":"Capacity building for health committees"},"content":{"rendered":"<p>With the aim of promoting community participation in the exercise of the right to health, Fundaci\u00f3n Agrol\u00edbano actively supports 10 Community Health Committees. These committees focus on strengthening family and community capacities for self-care, while promoting healthy lifestyles. The 68 people who make up these health committees participate in two 4-hour workshops, which specifically address chronic non-communicable diseases. These workshops aim to promote healthier eating habits that contribute to preventing diabetes, hypertension and their complications. In this way, we collectively contribute to achieving Sustainable Development Goals (SDG) 3 and 12.<\/p>\n\n\n\n<figure class=\"wp-block-embed is-type-video is-provider-youtube wp-block-embed-youtube wp-embed-aspect-16-9 wp-has-aspect-ratio\"><div class=\"wp-block-embed__wrapper\">\n<iframe title=\"\ud83c\udf31 Fundaci\u00f3n Agrol\u00edbano en acci\u00f3n! \ud83c\udf48\" width=\"1140\" height=\"641\" src=\"https:\/\/www.youtube.com\/embed\/i_eIxpBWf8A?feature=oembed\" frameborder=\"0\" allow=\"accelerometer; autoplay; clipboard-write; encrypted-media; gyroscope; picture-in-picture; web-share\" referrerpolicy=\"strict-origin-when-cross-origin\" allowfullscreen><\/iframe>\n<\/div><\/figure>","protected":false},"excerpt":{"rendered":"<p>Con el objetivo de fomentar la participaci\u00f3n comunitaria en el ejercicio del derecho a la salud, Fundaci\u00f3n Agrol\u00edbano apoya activamente a 10 Comit\u00e9s Comunitarios de Salud. Estos comit\u00e9s se enfocan en fortalecer las capacidades familiares y comunitarias para el autocuidado, promoviendo al mismo tiempo estilos de vida saludables. Las 68 personas que conforman estos comit\u00e9s [&hellip;]<\/p>\n","protected":false},"author":4,"featured_media":28587,"comment_status":"open","ping_status":"open","sticky":false,"template":"","format":"standard","meta":{"footnotes":""},"categories":[3],"tags":[],"class_list":["post-28586","post","type-post","status-publish","format-standard","has-post-thumbnail","hentry","category-sala-de-prensa"],"_links":{"self":[{"href":"https:\/\/fundacionagrolibano.org\/en\/wp-json\/wp\/v2\/posts\/28586","targetHints":{"allow":["GET"]}}],"collection":[{"href":"https:\/\/fundacionagrolibano.org\/en\/wp-json\/wp\/v2\/posts"}],"about":[{"href":"https:\/\/fundacionagrolibano.org\/en\/wp-json\/wp\/v2\/types\/post"}],"author":[{"embeddable":true,"href":"https:\/\/fundacionagrolibano.org\/en\/wp-json\/wp\/v2\/users\/4"}],"replies":[{"embeddable":true,"href":"https:\/\/fundacionagrolibano.org\/en\/wp-json\/wp\/v2\/comments?post=28586"}],"version-history":[{"count":1,"href":"https:\/\/fundacionagrolibano.org\/en\/wp-json\/wp\/v2\/posts\/28586\/revisions"}],"predecessor-version":[{"id":28588,"href":"https:\/\/fundacionagrolibano.org\/en\/wp-json\/wp\/v2\/posts\/28586\/revisions\/28588"}],"wp:featuredmedia":[{"embeddable":true,"href":"https:\/\/fundacionagrolibano.org\/en\/wp-json\/wp\/v2\/media\/28587"}],"wp:attachment":[{"href":"https:\/\/fundacionagrolibano.org\/en\/wp-json\/wp\/v2\/media?parent=28586"}],"wp:term":[{"taxonomy":"category","embeddable":true,"href":"https:\/\/fundacionagrolibano.org\/en\/wp-json\/wp\/v2\/categories?post=28586"},{"taxonomy":"post_tag","embeddable":true,"href":"https:\/\/fundacionagrolibano.org\/en\/wp-json\/wp\/v2\/tags?post=28586"}],"curies":[{"name":"wp","href":"https:\/\/api.w.org\/{rel}","templated":true}]}}