{"id":28589,"date":"2024-07-22T18:30:00","date_gmt":"2024-07-22T18:30:00","guid":{"rendered":"https:\/\/www.fundacionagrolibano2.org\/?p=28589"},"modified":"2024-11-01T18:39:03","modified_gmt":"2024-11-01T18:39:03","slug":"las-contribuciones-del-sector-privado-mejoran-la-educacion","status":"publish","type":"post","link":"https:\/\/fundacionagrolibano.org\/en\/las-contribuciones-del-sector-privado-mejoran-la-educacion\/","title":{"rendered":"Private sector contributions improve education"},"content":{"rendered":"<p>On June 6, the alliance between Fundaci\u00f3n Agrol\u00edbano and Fundaci\u00f3n Terra, which has been in place for 12 years, was reaffirmed. It directly benefits elementary school students from 14 rural public schools in the Valle and Choluteca regions. Fundaci\u00f3n Terra's Scholarship and Reinforcement programs, together with Fundaci\u00f3n Agrol\u00edbano's Comprehensive Care for Children and Adolescents in the School Environment (ADINAE) program, focus on improving academic performance and facilitating access to educational content aligned with the national curriculum. In addition, these initiatives promote education for life through technology-enabled classrooms. This alliance contributes to the achievement of the Sustainable Development Goals (SDG): 1 End of Poverty, 4 Quality Education, 5 Gender Equality, and 10 Reduction of Inequalities.<br><\/p>","protected":false},"excerpt":{"rendered":"<p>El 6 de junio se reafirm\u00f3 la alianza que mantienen Fundaci\u00f3n Agrol\u00edbano y Fundaci\u00f3n Terra desde hace 12 a\u00f1os, la cual beneficia directamente a estudiantes de educaci\u00f3n b\u00e1sica de 14 escuelas p\u00fablicas rurales de las regiones del Valle y Choluteca. Los programas de Becas y Reforzamientos de Fundaci\u00f3n Terra, junto con el programa de Atenci\u00f3n [&hellip;]<\/p>\n","protected":false},"author":4,"featured_media":28590,"comment_status":"open","ping_status":"open","sticky":false,"template":"","format":"standard","meta":{"footnotes":""},"categories":[3],"tags":[],"class_list":["post-28589","post","type-post","status-publish","format-standard","has-post-thumbnail","hentry","category-sala-de-prensa"],"_links":{"self":[{"href":"https:\/\/fundacionagrolibano.org\/en\/wp-json\/wp\/v2\/posts\/28589","targetHints":{"allow":["GET"]}}],"collection":[{"href":"https:\/\/fundacionagrolibano.org\/en\/wp-json\/wp\/v2\/posts"}],"about":[{"href":"https:\/\/fundacionagrolibano.org\/en\/wp-json\/wp\/v2\/types\/post"}],"author":[{"embeddable":true,"href":"https:\/\/fundacionagrolibano.org\/en\/wp-json\/wp\/v2\/users\/4"}],"replies":[{"embeddable":true,"href":"https:\/\/fundacionagrolibano.org\/en\/wp-json\/wp\/v2\/comments?post=28589"}],"version-history":[{"count":1,"href":"https:\/\/fundacionagrolibano.org\/en\/wp-json\/wp\/v2\/posts\/28589\/revisions"}],"predecessor-version":[{"id":28591,"href":"https:\/\/fundacionagrolibano.org\/en\/wp-json\/wp\/v2\/posts\/28589\/revisions\/28591"}],"wp:featuredmedia":[{"embeddable":true,"href":"https:\/\/fundacionagrolibano.org\/en\/wp-json\/wp\/v2\/media\/28590"}],"wp:attachment":[{"href":"https:\/\/fundacionagrolibano.org\/en\/wp-json\/wp\/v2\/media?parent=28589"}],"wp:term":[{"taxonomy":"category","embeddable":true,"href":"https:\/\/fundacionagrolibano.org\/en\/wp-json\/wp\/v2\/categories?post=28589"},{"taxonomy":"post_tag","embeddable":true,"href":"https:\/\/fundacionagrolibano.org\/en\/wp-json\/wp\/v2\/tags?post=28589"}],"curies":[{"name":"wp","href":"https:\/\/api.w.org\/{rel}","templated":true}]}}