{"id":28592,"date":"2024-06-22T18:32:00","date_gmt":"2024-06-22T18:32:00","guid":{"rendered":"https:\/\/www.fundacionagrolibano2.org\/?p=28592"},"modified":"2024-11-01T18:39:04","modified_gmt":"2024-11-01T18:39:04","slug":"campana-de-prevencion-del-dengue","status":"publish","type":"post","link":"https:\/\/fundacionagrolibano.org\/en\/campana-de-prevencion-del-dengue\/","title":{"rendered":"Dengue prevention campaign"},"content":{"rendered":"<p>Agrol\u00edbano Foundation, in alliance with the Community Health Committees, is promoting a dengue prevention campaign. Given the severity of dengue, which has put the entire country on high alert, Agrol\u00edbano has forged collaborations with health facilities and melon plantations to achieve this goal. The campaign includes a series of measures, including the elimination of breeding sites, thorough cleaning, collection and proper disposal of solid waste, selective application of larvicides in water containers, fumigation work and educational talks. The general objective is to eradicate the Aedes Aegypti mosquito, which serves as a vector for the transmission of diseases such as dengue, zika and chikungunya. This effort contributes to Sustainable Development Goals (SDG) 3, 4 and 17 by promoting health and well-being, knowledge opportunities for all and collaborative alliances to achieve our goals.<\/p>\n\n\n\n<figure class=\"wp-block-embed is-type-video is-provider-youtube wp-block-embed-youtube wp-embed-aspect-16-9 wp-has-aspect-ratio\"><div class=\"wp-block-embed__wrapper\">\n<iframe title=\"Campa\u00f1a de prevenci\u00f3n del dengue en 18 comunidades\" width=\"1140\" height=\"641\" src=\"https:\/\/www.youtube.com\/embed\/sbLZuFcdczU?feature=oembed\" frameborder=\"0\" allow=\"accelerometer; autoplay; clipboard-write; encrypted-media; gyroscope; picture-in-picture; web-share\" referrerpolicy=\"strict-origin-when-cross-origin\" allowfullscreen><\/iframe>\n<\/div><\/figure>\n\n\n\n<p><\/p>","protected":false},"excerpt":{"rendered":"<p>Fundaci\u00f3n Agrol\u00edbano, en alianza con los Comit\u00e9s Comunitarios de Salud, est\u00e1 impulsando una campa\u00f1a de prevenci\u00f3n del dengue. Dada la gravedad del dengue, que ha puesto en alerta m\u00e1xima a todo el pa\u00eds, Agrol\u00edbano ha forjado colaboraciones con establecimientos de salud y plantaciones de mel\u00f3n para lograr este objetivo. La campa\u00f1a abarca una serie de [&hellip;]<\/p>\n","protected":false},"author":4,"featured_media":28593,"comment_status":"open","ping_status":"open","sticky":false,"template":"","format":"standard","meta":{"footnotes":""},"categories":[3],"tags":[],"class_list":["post-28592","post","type-post","status-publish","format-standard","has-post-thumbnail","hentry","category-sala-de-prensa"],"_links":{"self":[{"href":"https:\/\/fundacionagrolibano.org\/en\/wp-json\/wp\/v2\/posts\/28592","targetHints":{"allow":["GET"]}}],"collection":[{"href":"https:\/\/fundacionagrolibano.org\/en\/wp-json\/wp\/v2\/posts"}],"about":[{"href":"https:\/\/fundacionagrolibano.org\/en\/wp-json\/wp\/v2\/types\/post"}],"author":[{"embeddable":true,"href":"https:\/\/fundacionagrolibano.org\/en\/wp-json\/wp\/v2\/users\/4"}],"replies":[{"embeddable":true,"href":"https:\/\/fundacionagrolibano.org\/en\/wp-json\/wp\/v2\/comments?post=28592"}],"version-history":[{"count":1,"href":"https:\/\/fundacionagrolibano.org\/en\/wp-json\/wp\/v2\/posts\/28592\/revisions"}],"predecessor-version":[{"id":28594,"href":"https:\/\/fundacionagrolibano.org\/en\/wp-json\/wp\/v2\/posts\/28592\/revisions\/28594"}],"wp:featuredmedia":[{"embeddable":true,"href":"https:\/\/fundacionagrolibano.org\/en\/wp-json\/wp\/v2\/media\/28593"}],"wp:attachment":[{"href":"https:\/\/fundacionagrolibano.org\/en\/wp-json\/wp\/v2\/media?parent=28592"}],"wp:term":[{"taxonomy":"category","embeddable":true,"href":"https:\/\/fundacionagrolibano.org\/en\/wp-json\/wp\/v2\/categories?post=28592"},{"taxonomy":"post_tag","embeddable":true,"href":"https:\/\/fundacionagrolibano.org\/en\/wp-json\/wp\/v2\/tags?post=28592"}],"curies":[{"name":"wp","href":"https:\/\/api.w.org\/{rel}","templated":true}]}}