{"id":28595,"date":"2024-06-22T18:33:00","date_gmt":"2024-06-22T18:33:00","guid":{"rendered":"https:\/\/www.fundacionagrolibano2.org\/?p=28595"},"modified":"2024-11-01T18:39:03","modified_gmt":"2024-11-01T18:39:03","slug":"fortaleciendo-la-participacion-ciudadana-para-la-paz","status":"publish","type":"post","link":"https:\/\/fundacionagrolibano.org\/en\/fortaleciendo-la-participacion-ciudadana-para-la-paz\/","title":{"rendered":"Strengthening Citizen Participation for Peace"},"content":{"rendered":"<p>At Fundaci\u00f3n Agrol\u00edbano we are committed to developing organizational and leadership capacities in 18 communities. Our program Strengthening Citizen Participation for Peace aims to promote inclusive and active participation in the self-management of community development, based on a culture of peace. Through training in governance and communication skills, more than 150 community leaders are implementing comprehensive development plans. Together, we are contributing to Sustainable Development Goals (SDG) 16 and 17, building stronger and more cohesive communities.<\/p>\n\n\n\n<figure class=\"wp-block-embed is-type-video is-provider-youtube wp-block-embed-youtube wp-embed-aspect-16-9 wp-has-aspect-ratio\"><div class=\"wp-block-embed__wrapper\">\n<iframe title=\"Fortaleciendo la Participaci\u00f3n Ciudadana para la Paz \ud83c\udf1f\" width=\"1140\" height=\"641\" src=\"https:\/\/www.youtube.com\/embed\/3RQtG7mU6wA?feature=oembed\" frameborder=\"0\" allow=\"accelerometer; autoplay; clipboard-write; encrypted-media; gyroscope; picture-in-picture; web-share\" referrerpolicy=\"strict-origin-when-cross-origin\" allowfullscreen><\/iframe>\n<\/div><\/figure>","protected":false},"excerpt":{"rendered":"<p>En Fundaci\u00f3n Agrol\u00edbano estamos comprometidos con el desarrollo de capacidades organizativas y de liderazgo en 18 comunidades. Nuestro programa Fortalecimiento de la Participaci\u00f3n Ciudadana para la Paz tiene como objetivo promover la participaci\u00f3n incluyente y activa en la autogesti\u00f3n del desarrollo comunitario, basado en una cultura de paz. A trav\u00e9s de la formaci\u00f3n en gobernanza [&hellip;]<\/p>\n","protected":false},"author":4,"featured_media":28596,"comment_status":"open","ping_status":"open","sticky":false,"template":"","format":"standard","meta":{"footnotes":""},"categories":[3],"tags":[],"class_list":["post-28595","post","type-post","status-publish","format-standard","has-post-thumbnail","hentry","category-sala-de-prensa"],"_links":{"self":[{"href":"https:\/\/fundacionagrolibano.org\/en\/wp-json\/wp\/v2\/posts\/28595","targetHints":{"allow":["GET"]}}],"collection":[{"href":"https:\/\/fundacionagrolibano.org\/en\/wp-json\/wp\/v2\/posts"}],"about":[{"href":"https:\/\/fundacionagrolibano.org\/en\/wp-json\/wp\/v2\/types\/post"}],"author":[{"embeddable":true,"href":"https:\/\/fundacionagrolibano.org\/en\/wp-json\/wp\/v2\/users\/4"}],"replies":[{"embeddable":true,"href":"https:\/\/fundacionagrolibano.org\/en\/wp-json\/wp\/v2\/comments?post=28595"}],"version-history":[{"count":1,"href":"https:\/\/fundacionagrolibano.org\/en\/wp-json\/wp\/v2\/posts\/28595\/revisions"}],"predecessor-version":[{"id":28597,"href":"https:\/\/fundacionagrolibano.org\/en\/wp-json\/wp\/v2\/posts\/28595\/revisions\/28597"}],"wp:featuredmedia":[{"embeddable":true,"href":"https:\/\/fundacionagrolibano.org\/en\/wp-json\/wp\/v2\/media\/28596"}],"wp:attachment":[{"href":"https:\/\/fundacionagrolibano.org\/en\/wp-json\/wp\/v2\/media?parent=28595"}],"wp:term":[{"taxonomy":"category","embeddable":true,"href":"https:\/\/fundacionagrolibano.org\/en\/wp-json\/wp\/v2\/categories?post=28595"},{"taxonomy":"post_tag","embeddable":true,"href":"https:\/\/fundacionagrolibano.org\/en\/wp-json\/wp\/v2\/tags?post=28595"}],"curies":[{"name":"wp","href":"https:\/\/api.w.org\/{rel}","templated":true}]}}