{"id":28601,"date":"2024-07-01T18:34:00","date_gmt":"2024-07-01T18:34:00","guid":{"rendered":"https:\/\/www.fundacionagrolibano2.org\/?p=28601"},"modified":"2024-11-01T18:39:03","modified_gmt":"2024-11-01T18:39:03","slug":"centros-educativos-cultivan-cultura-de-paz","status":"publish","type":"post","link":"https:\/\/fundacionagrolibano.org\/en\/centros-educativos-cultivan-cultura-de-paz\/","title":{"rendered":"Educational centers cultivate a culture of peace"},"content":{"rendered":"<p>140 students have been trained to promote a culture of peace in 14 public rural schools. After the training, they carried out educational activities in each classroom, with the aim of preventing and reducing bullying. This initiative also involves teachers and parents, who have also received training on the subject. This effort is part of the project \u201cImprovements in Inclusion, Retention and Learning Conditions in Rural Schools\u201d, implemented by Fundaci\u00f3n Agrol\u00edbano and co-financed by TESCO, our client in the United Kingdom. In this way, we contribute to the achievement of SDGs 4, 16 and 17.<\/p>","protected":false},"excerpt":{"rendered":"<p>140 estudiantes han sido capacitados para promover una cultura de paz en 14 escuelas rurales p\u00fablicas. Luego de la capacitaci\u00f3n, realizaron actividades educativas en cada aula, con el objetivo de prevenir y reducir el acoso escolar. Esta iniciativa tambi\u00e9n involucra a docentes y padres de familia, quienes tambi\u00e9n han recibido capacitaci\u00f3n sobre el tema. Este [&hellip;]<\/p>\n","protected":false},"author":4,"featured_media":28602,"comment_status":"open","ping_status":"open","sticky":false,"template":"","format":"standard","meta":{"footnotes":""},"categories":[3],"tags":[],"class_list":["post-28601","post","type-post","status-publish","format-standard","has-post-thumbnail","hentry","category-sala-de-prensa"],"_links":{"self":[{"href":"https:\/\/fundacionagrolibano.org\/en\/wp-json\/wp\/v2\/posts\/28601","targetHints":{"allow":["GET"]}}],"collection":[{"href":"https:\/\/fundacionagrolibano.org\/en\/wp-json\/wp\/v2\/posts"}],"about":[{"href":"https:\/\/fundacionagrolibano.org\/en\/wp-json\/wp\/v2\/types\/post"}],"author":[{"embeddable":true,"href":"https:\/\/fundacionagrolibano.org\/en\/wp-json\/wp\/v2\/users\/4"}],"replies":[{"embeddable":true,"href":"https:\/\/fundacionagrolibano.org\/en\/wp-json\/wp\/v2\/comments?post=28601"}],"version-history":[{"count":1,"href":"https:\/\/fundacionagrolibano.org\/en\/wp-json\/wp\/v2\/posts\/28601\/revisions"}],"predecessor-version":[{"id":28603,"href":"https:\/\/fundacionagrolibano.org\/en\/wp-json\/wp\/v2\/posts\/28601\/revisions\/28603"}],"wp:featuredmedia":[{"embeddable":true,"href":"https:\/\/fundacionagrolibano.org\/en\/wp-json\/wp\/v2\/media\/28602"}],"wp:attachment":[{"href":"https:\/\/fundacionagrolibano.org\/en\/wp-json\/wp\/v2\/media?parent=28601"}],"wp:term":[{"taxonomy":"category","embeddable":true,"href":"https:\/\/fundacionagrolibano.org\/en\/wp-json\/wp\/v2\/categories?post=28601"},{"taxonomy":"post_tag","embeddable":true,"href":"https:\/\/fundacionagrolibano.org\/en\/wp-json\/wp\/v2\/tags?post=28601"}],"curies":[{"name":"wp","href":"https:\/\/api.w.org\/{rel}","templated":true}]}}