{"id":28613,"date":"2024-08-05T18:36:00","date_gmt":"2024-08-05T18:36:00","guid":{"rendered":"https:\/\/www.fundacionagrolibano2.org\/?p=28613"},"modified":"2024-11-01T18:39:03","modified_gmt":"2024-11-01T18:39:03","slug":"fortalecimiento-de-las-cajas-de-ahorro-rurales-impulso-al-desarrollo-economico-en-las-comunidades-rurales","status":"publish","type":"post","link":"https:\/\/fundacionagrolibano.org\/en\/fortalecimiento-de-las-cajas-de-ahorro-rurales-impulso-al-desarrollo-economico-en-las-comunidades-rurales\/","title":{"rendered":"Strengthening rural savings banks: boosting economic development in rural communities"},"content":{"rendered":"<p>On August 31, the Agrol\u00edbano Foundation highlighted its work in economic development in 18 rural communities by strengthening 15 rural savings and credit banks. This work includes training and performance evaluation, benefiting 165 board members, of which more than 70% are women. In 2024, the Foundation will focus on improving information management, updating governing bodies, and increasing transparency to foster community trust. These initiatives contribute to several Sustainable Development Goals by promoting financial inclusion, female leadership, local entrepreneurship, reducing the gap in access to resources, governance, and collaboration with other entities.<br><\/p>","protected":false},"excerpt":{"rendered":"<p>El 31 de agosto, la Fundaci\u00f3n Agrol\u00edbano destac\u00f3 su labor en materia de desarrollo econ\u00f3mico en 18 comunidades rurales mediante el fortalecimiento de 15 cajas rurales de ahorro y cr\u00e9dito. Esta labor incluye capacitaci\u00f3n y evaluaci\u00f3n de desempe\u00f1o, beneficiando a 165 miembros de la junta directiva, de los cuales m\u00e1s del 70% son mujeres. En [&hellip;]<\/p>\n","protected":false},"author":4,"featured_media":28614,"comment_status":"open","ping_status":"open","sticky":false,"template":"","format":"standard","meta":{"footnotes":""},"categories":[3],"tags":[],"class_list":["post-28613","post","type-post","status-publish","format-standard","has-post-thumbnail","hentry","category-sala-de-prensa"],"_links":{"self":[{"href":"https:\/\/fundacionagrolibano.org\/en\/wp-json\/wp\/v2\/posts\/28613","targetHints":{"allow":["GET"]}}],"collection":[{"href":"https:\/\/fundacionagrolibano.org\/en\/wp-json\/wp\/v2\/posts"}],"about":[{"href":"https:\/\/fundacionagrolibano.org\/en\/wp-json\/wp\/v2\/types\/post"}],"author":[{"embeddable":true,"href":"https:\/\/fundacionagrolibano.org\/en\/wp-json\/wp\/v2\/users\/4"}],"replies":[{"embeddable":true,"href":"https:\/\/fundacionagrolibano.org\/en\/wp-json\/wp\/v2\/comments?post=28613"}],"version-history":[{"count":1,"href":"https:\/\/fundacionagrolibano.org\/en\/wp-json\/wp\/v2\/posts\/28613\/revisions"}],"predecessor-version":[{"id":28615,"href":"https:\/\/fundacionagrolibano.org\/en\/wp-json\/wp\/v2\/posts\/28613\/revisions\/28615"}],"wp:featuredmedia":[{"embeddable":true,"href":"https:\/\/fundacionagrolibano.org\/en\/wp-json\/wp\/v2\/media\/28614"}],"wp:attachment":[{"href":"https:\/\/fundacionagrolibano.org\/en\/wp-json\/wp\/v2\/media?parent=28613"}],"wp:term":[{"taxonomy":"category","embeddable":true,"href":"https:\/\/fundacionagrolibano.org\/en\/wp-json\/wp\/v2\/categories?post=28613"},{"taxonomy":"post_tag","embeddable":true,"href":"https:\/\/fundacionagrolibano.org\/en\/wp-json\/wp\/v2\/tags?post=28613"}],"curies":[{"name":"wp","href":"https:\/\/api.w.org\/{rel}","templated":true}]}}