{"id":28616,"date":"2024-09-01T18:36:00","date_gmt":"2024-09-01T18:36:00","guid":{"rendered":"https:\/\/www.fundacionagrolibano2.org\/?p=28616"},"modified":"2024-11-01T18:39:03","modified_gmt":"2024-11-01T18:39:03","slug":"forjando-el-futuro-dotando-a-los-adolescentes-de-habilidades-esenciales-para-la-vida","status":"publish","type":"post","link":"https:\/\/fundacionagrolibano.org\/en\/forjando-el-futuro-dotando-a-los-adolescentes-de-habilidades-esenciales-para-la-vida\/","title":{"rendered":"Shaping the future: equipping adolescents with essential life skills"},"content":{"rendered":"<p>In 7 public schools, in coordination with the teaching staff, 279 adolescents (156 girls and 123 boys) in seventh, eighth and ninth grade received educational talks on the prevention of sexually transmitted infections and teenage pregnancies. The talks addressed topics such as self-esteem and emotional health, sexual and reproductive rights and responsible sexual behavior, thereby contributing to strengthening life skills and promoting conscious decision-making. This initiative contributes to the goals of SDGs 3, 4, 5 and 17.<\/p>","protected":false},"excerpt":{"rendered":"<p>En 7 centros educativos p\u00fablicos, en coordinaci\u00f3n con el personal docente, 279 adolescentes (156 ni\u00f1as y 123 ni\u00f1os) de s\u00e9ptimo, octavo y noveno grado recibieron charlas educativas sobre prevenci\u00f3n de infecciones de transmisi\u00f3n sexual y embarazos en adolescentes. Las charlas abordaron temas como autoestima y salud emocional, derechos sexuales y reproductivos y conducta sexual responsable, [&hellip;]<\/p>\n","protected":false},"author":4,"featured_media":28617,"comment_status":"open","ping_status":"open","sticky":false,"template":"","format":"standard","meta":{"footnotes":""},"categories":[3],"tags":[],"class_list":["post-28616","post","type-post","status-publish","format-standard","has-post-thumbnail","hentry","category-sala-de-prensa"],"_links":{"self":[{"href":"https:\/\/fundacionagrolibano.org\/en\/wp-json\/wp\/v2\/posts\/28616","targetHints":{"allow":["GET"]}}],"collection":[{"href":"https:\/\/fundacionagrolibano.org\/en\/wp-json\/wp\/v2\/posts"}],"about":[{"href":"https:\/\/fundacionagrolibano.org\/en\/wp-json\/wp\/v2\/types\/post"}],"author":[{"embeddable":true,"href":"https:\/\/fundacionagrolibano.org\/en\/wp-json\/wp\/v2\/users\/4"}],"replies":[{"embeddable":true,"href":"https:\/\/fundacionagrolibano.org\/en\/wp-json\/wp\/v2\/comments?post=28616"}],"version-history":[{"count":1,"href":"https:\/\/fundacionagrolibano.org\/en\/wp-json\/wp\/v2\/posts\/28616\/revisions"}],"predecessor-version":[{"id":28618,"href":"https:\/\/fundacionagrolibano.org\/en\/wp-json\/wp\/v2\/posts\/28616\/revisions\/28618"}],"wp:featuredmedia":[{"embeddable":true,"href":"https:\/\/fundacionagrolibano.org\/en\/wp-json\/wp\/v2\/media\/28617"}],"wp:attachment":[{"href":"https:\/\/fundacionagrolibano.org\/en\/wp-json\/wp\/v2\/media?parent=28616"}],"wp:term":[{"taxonomy":"category","embeddable":true,"href":"https:\/\/fundacionagrolibano.org\/en\/wp-json\/wp\/v2\/categories?post=28616"},{"taxonomy":"post_tag","embeddable":true,"href":"https:\/\/fundacionagrolibano.org\/en\/wp-json\/wp\/v2\/tags?post=28616"}],"curies":[{"name":"wp","href":"https:\/\/api.w.org\/{rel}","templated":true}]}}