{"id":28622,"date":"2024-09-03T18:38:00","date_gmt":"2024-09-03T18:38:00","guid":{"rendered":"https:\/\/www.fundacionagrolibano2.org\/?p=28622"},"modified":"2024-11-01T18:39:03","modified_gmt":"2024-11-01T18:39:03","slug":"defensa-del-cuidado-infantil-formacion-de-voluntarios-para-generar-impacto-en-la-comunidad","status":"publish","type":"post","link":"https:\/\/fundacionagrolibano.org\/en\/defensa-del-cuidado-infantil-formacion-de-voluntarios-para-generar-impacto-en-la-comunidad\/","title":{"rendered":"Child Care Advocacy: Training Volunteers to Make an Impact in the Community"},"content":{"rendered":"<p>Between August and September 2024, Fundaci\u00f3n Agrol\u00edbano, through its Comprehensive Early Childhood Care Program, trains volunteers from the communities of Santa Cruz (Namasig\u00fce), Altos del Estiquir\u00edn and Tamarindo (Nacaome). These sessions aim to improve care for children aged 3 to 5, strengthening skills in key areas for child development, such as socio-emotional, cognitive, language and motor development. The objective is to expand early stimulation coverage, contributing to Sustainable Development Goals (SDG) 1, 2, 3, 16 and 17, thus improving the quality of life of children and their families.<br><\/p>","protected":false},"excerpt":{"rendered":"<p>Entre agosto y septiembre de 2024, Fundaci\u00f3n Agrol\u00edbano, a trav\u00e9s de su Programa de Atenci\u00f3n Integral a la Primera Infancia, capacita a voluntarios de las comunidades de Santa Cruz (Namasig\u00fce), Altos del Estiquir\u00edn y Tamarindo (Nacaome). Estas jornadas tienen como objetivo mejorar la atenci\u00f3n a ni\u00f1os y ni\u00f1as de 3 a 5 a\u00f1os, fortaleciendo habilidades [&hellip;]<\/p>\n","protected":false},"author":4,"featured_media":28623,"comment_status":"open","ping_status":"open","sticky":false,"template":"","format":"standard","meta":{"footnotes":""},"categories":[3],"tags":[],"class_list":["post-28622","post","type-post","status-publish","format-standard","has-post-thumbnail","hentry","category-sala-de-prensa"],"_links":{"self":[{"href":"https:\/\/fundacionagrolibano.org\/en\/wp-json\/wp\/v2\/posts\/28622","targetHints":{"allow":["GET"]}}],"collection":[{"href":"https:\/\/fundacionagrolibano.org\/en\/wp-json\/wp\/v2\/posts"}],"about":[{"href":"https:\/\/fundacionagrolibano.org\/en\/wp-json\/wp\/v2\/types\/post"}],"author":[{"embeddable":true,"href":"https:\/\/fundacionagrolibano.org\/en\/wp-json\/wp\/v2\/users\/4"}],"replies":[{"embeddable":true,"href":"https:\/\/fundacionagrolibano.org\/en\/wp-json\/wp\/v2\/comments?post=28622"}],"version-history":[{"count":1,"href":"https:\/\/fundacionagrolibano.org\/en\/wp-json\/wp\/v2\/posts\/28622\/revisions"}],"predecessor-version":[{"id":28624,"href":"https:\/\/fundacionagrolibano.org\/en\/wp-json\/wp\/v2\/posts\/28622\/revisions\/28624"}],"wp:featuredmedia":[{"embeddable":true,"href":"https:\/\/fundacionagrolibano.org\/en\/wp-json\/wp\/v2\/media\/28623"}],"wp:attachment":[{"href":"https:\/\/fundacionagrolibano.org\/en\/wp-json\/wp\/v2\/media?parent=28622"}],"wp:term":[{"taxonomy":"category","embeddable":true,"href":"https:\/\/fundacionagrolibano.org\/en\/wp-json\/wp\/v2\/categories?post=28622"},{"taxonomy":"post_tag","embeddable":true,"href":"https:\/\/fundacionagrolibano.org\/en\/wp-json\/wp\/v2\/tags?post=28622"}],"curies":[{"name":"wp","href":"https:\/\/api.w.org\/{rel}","templated":true}]}}