{"id":28941,"date":"2024-10-24T22:55:00","date_gmt":"2024-10-24T22:55:00","guid":{"rendered":"https:\/\/www.fundacionagrolibano2.org\/?p=28941"},"modified":"2024-12-03T23:02:47","modified_gmt":"2024-12-03T23:02:47","slug":"avances-en-el-centro-comunal-de-agua-agria-2","status":"publish","type":"post","link":"https:\/\/fundacionagrolibano.org\/en\/avances-en-el-centro-comunal-de-agua-agria-2\/","title":{"rendered":"Progress at Agua Agria Community Center #2"},"content":{"rendered":"<p>The community of Agua Agria #2 is advancing in the construction of its community center as part of its<br>Comprehensive Community Development Plan (PDIC). This space will allow recreational, cultural,<br>and health, benefiting the community. With the support of the Agrol\u00edbano Foundation and programs such as PAIPI and Liderazgo Consciente, the center will facilitate key activities such as nutritional monitoring sessions and community meetings. The project contributes to SDGs 3, 4, 9, 16 and 17, promoting health, education, sustainable infrastructure and strategic alliances.<\/p>\n\n\n\n<p><\/p>","protected":false},"excerpt":{"rendered":"<p>La comunidad de Agua Agria #2 avanza en la construcci\u00f3n de su centro comunal como parte de suPlan de Desarrollo Integral Comunitario (PDIC). Este espacio permitir\u00e1 actividades recreativas, culturales,econ\u00f3micas y de salud, beneficiando a la comunidad. Con el apoyo de la Fundaci\u00f3n Agrol\u00edbano y programas como PAIPI y Liderazgo Consciente, el centro facilitar\u00e1 actividades clave [&hellip;]<\/p>\n","protected":false},"author":4,"featured_media":28942,"comment_status":"open","ping_status":"open","sticky":false,"template":"","format":"standard","meta":{"footnotes":""},"categories":[3],"tags":[],"class_list":["post-28941","post","type-post","status-publish","format-standard","has-post-thumbnail","hentry","category-sala-de-prensa"],"_links":{"self":[{"href":"https:\/\/fundacionagrolibano.org\/en\/wp-json\/wp\/v2\/posts\/28941","targetHints":{"allow":["GET"]}}],"collection":[{"href":"https:\/\/fundacionagrolibano.org\/en\/wp-json\/wp\/v2\/posts"}],"about":[{"href":"https:\/\/fundacionagrolibano.org\/en\/wp-json\/wp\/v2\/types\/post"}],"author":[{"embeddable":true,"href":"https:\/\/fundacionagrolibano.org\/en\/wp-json\/wp\/v2\/users\/4"}],"replies":[{"embeddable":true,"href":"https:\/\/fundacionagrolibano.org\/en\/wp-json\/wp\/v2\/comments?post=28941"}],"version-history":[{"count":1,"href":"https:\/\/fundacionagrolibano.org\/en\/wp-json\/wp\/v2\/posts\/28941\/revisions"}],"predecessor-version":[{"id":28943,"href":"https:\/\/fundacionagrolibano.org\/en\/wp-json\/wp\/v2\/posts\/28941\/revisions\/28943"}],"wp:featuredmedia":[{"embeddable":true,"href":"https:\/\/fundacionagrolibano.org\/en\/wp-json\/wp\/v2\/media\/28942"}],"wp:attachment":[{"href":"https:\/\/fundacionagrolibano.org\/en\/wp-json\/wp\/v2\/media?parent=28941"}],"wp:term":[{"taxonomy":"category","embeddable":true,"href":"https:\/\/fundacionagrolibano.org\/en\/wp-json\/wp\/v2\/categories?post=28941"},{"taxonomy":"post_tag","embeddable":true,"href":"https:\/\/fundacionagrolibano.org\/en\/wp-json\/wp\/v2\/tags?post=28941"}],"curies":[{"name":"wp","href":"https:\/\/api.w.org\/{rel}","templated":true}]}}