{"id":28949,"date":"2024-10-24T23:34:00","date_gmt":"2024-10-24T23:34:00","guid":{"rendered":"https:\/\/www.fundacionagrolibano2.org\/?p=28949"},"modified":"2024-12-03T23:44:39","modified_gmt":"2024-12-03T23:44:39","slug":"comunidad-de-el-espino-avanza-hacia-el-desarrollo-sostenible","status":"publish","type":"post","link":"https:\/\/fundacionagrolibano.org\/en\/comunidad-de-el-espino-avanza-hacia-el-desarrollo-sostenible\/","title":{"rendered":"El Espino Community Moves Towards Sustainable Development"},"content":{"rendered":"<p>On October 24, the community of El Espino, in Nacaome, brought together more than 25 representatives of<br>community groups, including boards of trustees, the water board, health committees and parents, together<br>with the executive director and technical staff of the Agrol\u00edbano Foundation. At the meeting, progress since 2023 was evaluated and key steps were defined to articulate efforts towards community development projected for 2025, aligned with SDGs 3 and 11. This activity strengthens social cohesion and promotes improved quality of life, fostering a healthy and sustainable environment for the community.<\/p>\n\n\n\n<p><\/p>","protected":false},"excerpt":{"rendered":"<p>El 24 de octubre, la comunidad de El Espino, en Nacaome, reuni\u00f3 a m\u00e1s de 25 representantes degrupos comunitarios, incluyendo patronatos, la junta de agua, comit\u00e9s de salud y padres de familia, juntocon la directora ejecutiva y personal t\u00e9cnico de la Fundaci\u00f3n Agrol\u00edbano. En el encuentro, se evaluaron avances desde 2023 y se definieron pasos [&hellip;]<\/p>\n","protected":false},"author":4,"featured_media":28955,"comment_status":"open","ping_status":"open","sticky":false,"template":"","format":"standard","meta":{"footnotes":""},"categories":[3],"tags":[],"class_list":["post-28949","post","type-post","status-publish","format-standard","has-post-thumbnail","hentry","category-sala-de-prensa"],"_links":{"self":[{"href":"https:\/\/fundacionagrolibano.org\/en\/wp-json\/wp\/v2\/posts\/28949","targetHints":{"allow":["GET"]}}],"collection":[{"href":"https:\/\/fundacionagrolibano.org\/en\/wp-json\/wp\/v2\/posts"}],"about":[{"href":"https:\/\/fundacionagrolibano.org\/en\/wp-json\/wp\/v2\/types\/post"}],"author":[{"embeddable":true,"href":"https:\/\/fundacionagrolibano.org\/en\/wp-json\/wp\/v2\/users\/4"}],"replies":[{"embeddable":true,"href":"https:\/\/fundacionagrolibano.org\/en\/wp-json\/wp\/v2\/comments?post=28949"}],"version-history":[{"count":1,"href":"https:\/\/fundacionagrolibano.org\/en\/wp-json\/wp\/v2\/posts\/28949\/revisions"}],"predecessor-version":[{"id":28951,"href":"https:\/\/fundacionagrolibano.org\/en\/wp-json\/wp\/v2\/posts\/28949\/revisions\/28951"}],"wp:featuredmedia":[{"embeddable":true,"href":"https:\/\/fundacionagrolibano.org\/en\/wp-json\/wp\/v2\/media\/28955"}],"wp:attachment":[{"href":"https:\/\/fundacionagrolibano.org\/en\/wp-json\/wp\/v2\/media?parent=28949"}],"wp:term":[{"taxonomy":"category","embeddable":true,"href":"https:\/\/fundacionagrolibano.org\/en\/wp-json\/wp\/v2\/categories?post=28949"},{"taxonomy":"post_tag","embeddable":true,"href":"https:\/\/fundacionagrolibano.org\/en\/wp-json\/wp\/v2\/tags?post=28949"}],"curies":[{"name":"wp","href":"https:\/\/api.w.org\/{rel}","templated":true}]}}