{"id":29127,"date":"2024-11-01T22:15:52","date_gmt":"2024-11-01T22:15:52","guid":{"rendered":"https:\/\/www.fundacionagrolibano.org\/?p=29127"},"modified":"2025-04-21T22:59:56","modified_gmt":"2025-04-21T22:59:56","slug":"cepudo-fortalece-las-iniciativas-de-fundacion-agrolibano","status":"publish","type":"post","link":"https:\/\/fundacionagrolibano.org\/en\/cepudo-fortalece-las-iniciativas-de-fundacion-agrolibano\/","title":{"rendered":"CEPUDO Strengthens Fundaci\u00f3n Agrol\u00edbano Initiatives"},"content":{"rendered":"<p>On October 28th, CEPUDO made an important donation to the Fundacion Agrol\u00edbano, directly benefiting our activities and communities. 3,000 pounds of food were distributed in nutrition monitoring sessions for children under 6 years old. Additionally, reading glasses, sandals, and T-shirts were donated, essential to motivating community volunteers who drive sustainable development programs. The donation also included medical supplies and medications,\ndelivered to local health centers and the Honduran Foundation for Children with Cancer in Choluteca. This valuable contribution reinforces the Fundacion Agrol\u00edbano\u2019s commitment to achieving SDGs 2, 3, 16, and 17. Thank you, CEPUDO, for your continued support!<\/p>\n\n\n\n<p><\/p>","protected":false},"excerpt":{"rendered":"<p>El pasado 28 de octubre, CEPUDO realiz\u00f3 una importante donaci\u00f3n a la Fundaci\u00f3n Agrol\u00edbano, beneficiando directamente a nuestras actividades y comunidades. Se entregaron 3,000 libras de alimentos que est\u00e1n siendo distribuidas en sesiones de vigilancia nutricional para ni\u00f1os menores de 6 a\u00f1os. Adem\u00e1s, se donaron lentes de lectura, sandalias y camisetas, esenciales para motivar al [&hellip;]<\/p>\n","protected":false},"author":4,"featured_media":29128,"comment_status":"open","ping_status":"open","sticky":false,"template":"","format":"standard","meta":{"footnotes":""},"categories":[3],"tags":[],"class_list":["post-29127","post","type-post","status-publish","format-standard","has-post-thumbnail","hentry","category-sala-de-prensa"],"_links":{"self":[{"href":"https:\/\/fundacionagrolibano.org\/en\/wp-json\/wp\/v2\/posts\/29127","targetHints":{"allow":["GET"]}}],"collection":[{"href":"https:\/\/fundacionagrolibano.org\/en\/wp-json\/wp\/v2\/posts"}],"about":[{"href":"https:\/\/fundacionagrolibano.org\/en\/wp-json\/wp\/v2\/types\/post"}],"author":[{"embeddable":true,"href":"https:\/\/fundacionagrolibano.org\/en\/wp-json\/wp\/v2\/users\/4"}],"replies":[{"embeddable":true,"href":"https:\/\/fundacionagrolibano.org\/en\/wp-json\/wp\/v2\/comments?post=29127"}],"version-history":[{"count":3,"href":"https:\/\/fundacionagrolibano.org\/en\/wp-json\/wp\/v2\/posts\/29127\/revisions"}],"predecessor-version":[{"id":30714,"href":"https:\/\/fundacionagrolibano.org\/en\/wp-json\/wp\/v2\/posts\/29127\/revisions\/30714"}],"wp:featuredmedia":[{"embeddable":true,"href":"https:\/\/fundacionagrolibano.org\/en\/wp-json\/wp\/v2\/media\/29128"}],"wp:attachment":[{"href":"https:\/\/fundacionagrolibano.org\/en\/wp-json\/wp\/v2\/media?parent=29127"}],"wp:term":[{"taxonomy":"category","embeddable":true,"href":"https:\/\/fundacionagrolibano.org\/en\/wp-json\/wp\/v2\/categories?post=29127"},{"taxonomy":"post_tag","embeddable":true,"href":"https:\/\/fundacionagrolibano.org\/en\/wp-json\/wp\/v2\/tags?post=29127"}],"curies":[{"name":"wp","href":"https:\/\/api.w.org\/{rel}","templated":true}]}}