{"id":30694,"date":"2025-02-03T20:18:00","date_gmt":"2025-02-03T20:18:00","guid":{"rendered":"https:\/\/www.fundacionagrolibano.org\/?p=30694"},"modified":"2025-04-23T22:38:12","modified_gmt":"2025-04-23T22:38:12","slug":"fundacion-agrolibano-impulsa-el-futuro-de-jovenes-con-educacion-tecnica","status":"publish","type":"post","link":"https:\/\/fundacionagrolibano.org\/en\/fundacion-agrolibano-impulsa-el-futuro-de-jovenes-con-educacion-tecnica\/","title":{"rendered":"Fundaci\u00f3n Agrol\u00edbano Drives the Future of Youth Through Technical Education"},"content":{"rendered":"<p>On February 3rd, Fundaci\u00f3n Agrol\u00edbano supported four families in a key step for the future of their children. Four students \u2014 three girls and one boy \u2014 began their secondary education with the foundation's support, which provided them with the necessary clothing and\nsupplies. Thanks to scholarships in partnership with the Luis Landa Agricultural School, these young people will be able to pursue technical careers, equipping them with the tools for a future with greater opportunities. This support not only benefits the students but also their families, contributing to progress, better quality of life, and advancing the SDGs #4 and #17.<\/p>","protected":false},"excerpt":{"rendered":"<p>El 3 de febrero, Fundaci\u00f3n Agrol\u00edbano acompa\u00f1\u00f3 a cuatro familias en un paso clave para el futuro de sus hijos e hijas. Cuatro estudiantes \u2014 tres ni\u00f1as y un ni\u00f1o \u2014 iniciaron su educaci\u00f3n secundaria con el apoyo de la fundaci\u00f3n, que les proporcion\u00f3 la indumentaria e insumos necesarios. Gracias a becas en alianza con [&hellip;]<\/p>\n","protected":false},"author":4,"featured_media":30695,"comment_status":"open","ping_status":"open","sticky":false,"template":"","format":"standard","meta":{"footnotes":""},"categories":[3],"tags":[],"class_list":["post-30694","post","type-post","status-publish","format-standard","has-post-thumbnail","hentry","category-sala-de-prensa"],"_links":{"self":[{"href":"https:\/\/fundacionagrolibano.org\/en\/wp-json\/wp\/v2\/posts\/30694","targetHints":{"allow":["GET"]}}],"collection":[{"href":"https:\/\/fundacionagrolibano.org\/en\/wp-json\/wp\/v2\/posts"}],"about":[{"href":"https:\/\/fundacionagrolibano.org\/en\/wp-json\/wp\/v2\/types\/post"}],"author":[{"embeddable":true,"href":"https:\/\/fundacionagrolibano.org\/en\/wp-json\/wp\/v2\/users\/4"}],"replies":[{"embeddable":true,"href":"https:\/\/fundacionagrolibano.org\/en\/wp-json\/wp\/v2\/comments?post=30694"}],"version-history":[{"count":2,"href":"https:\/\/fundacionagrolibano.org\/en\/wp-json\/wp\/v2\/posts\/30694\/revisions"}],"predecessor-version":[{"id":30711,"href":"https:\/\/fundacionagrolibano.org\/en\/wp-json\/wp\/v2\/posts\/30694\/revisions\/30711"}],"wp:featuredmedia":[{"embeddable":true,"href":"https:\/\/fundacionagrolibano.org\/en\/wp-json\/wp\/v2\/media\/30695"}],"wp:attachment":[{"href":"https:\/\/fundacionagrolibano.org\/en\/wp-json\/wp\/v2\/media?parent=30694"}],"wp:term":[{"taxonomy":"category","embeddable":true,"href":"https:\/\/fundacionagrolibano.org\/en\/wp-json\/wp\/v2\/categories?post=30694"},{"taxonomy":"post_tag","embeddable":true,"href":"https:\/\/fundacionagrolibano.org\/en\/wp-json\/wp\/v2\/tags?post=30694"}],"curies":[{"name":"wp","href":"https:\/\/api.w.org\/{rel}","templated":true}]}}