{"id":30697,"date":"2025-02-06T20:22:00","date_gmt":"2025-02-06T20:22:00","guid":{"rendered":"https:\/\/www.fundacionagrolibano.org\/?p=30697"},"modified":"2025-04-23T22:38:30","modified_gmt":"2025-04-23T22:38:30","slug":"alianzas-estrategicas-para-el-bienestar-comunitario","status":"publish","type":"post","link":"https:\/\/fundacionagrolibano.org\/en\/alianzas-estrategicas-para-el-bienestar-comunitario\/","title":{"rendered":"Strategic Partnerships Driving Community Well-Being"},"content":{"rendered":"<p>From February 3rd to 6th, Fundaci\u00f3n Agrol\u00edbano hosted Fundaci\u00f3n Amigos de Bernab\u00e9, marking the beginning of a collaboration to strengthen Health, Education, and Living Standards programs in vulnerable communities in southern Honduras. During the visit, local leaders from San Agust\u00edn, Agua Agria #2, Altos del Estiquir\u00edn, and Espino shared their commitment to regional development. A meeting was also held with the Hospital del Sur to align efforts with the 'Healthy Children,' 'Healthy Communities,' and 'Healthy Honduras' programs, in line with SDGs #3, 4, 5, 6, 13, 15, and 17. This joint effort reaffirms that through strategic partnerships, we can move toward a healthier, more sustainable, and poverty-free future.<\/p>","protected":false},"excerpt":{"rendered":"<p>Del 3 al 6 de febrero, Fundaci\u00f3n Agrol\u00edbano recibi\u00f3 a Fundaci\u00f3n Amigos de Bernab\u00e9, dando inicio a una colaboraci\u00f3n para fortalecer programas de Salud, Educaci\u00f3n y Nivel de Vida en comunidades vulnerables del sur de Honduras. Durante la visita, los l\u00edderes locales de San Agust\u00edn, Agua Agria #2, Altos del Estiquir\u00edn y Espino compartieron su [&hellip;]<\/p>\n","protected":false},"author":4,"featured_media":30698,"comment_status":"open","ping_status":"open","sticky":false,"template":"","format":"standard","meta":{"footnotes":""},"categories":[3],"tags":[],"class_list":["post-30697","post","type-post","status-publish","format-standard","has-post-thumbnail","hentry","category-sala-de-prensa"],"_links":{"self":[{"href":"https:\/\/fundacionagrolibano.org\/en\/wp-json\/wp\/v2\/posts\/30697","targetHints":{"allow":["GET"]}}],"collection":[{"href":"https:\/\/fundacionagrolibano.org\/en\/wp-json\/wp\/v2\/posts"}],"about":[{"href":"https:\/\/fundacionagrolibano.org\/en\/wp-json\/wp\/v2\/types\/post"}],"author":[{"embeddable":true,"href":"https:\/\/fundacionagrolibano.org\/en\/wp-json\/wp\/v2\/users\/4"}],"replies":[{"embeddable":true,"href":"https:\/\/fundacionagrolibano.org\/en\/wp-json\/wp\/v2\/comments?post=30697"}],"version-history":[{"count":2,"href":"https:\/\/fundacionagrolibano.org\/en\/wp-json\/wp\/v2\/posts\/30697\/revisions"}],"predecessor-version":[{"id":30710,"href":"https:\/\/fundacionagrolibano.org\/en\/wp-json\/wp\/v2\/posts\/30697\/revisions\/30710"}],"wp:featuredmedia":[{"embeddable":true,"href":"https:\/\/fundacionagrolibano.org\/en\/wp-json\/wp\/v2\/media\/30698"}],"wp:attachment":[{"href":"https:\/\/fundacionagrolibano.org\/en\/wp-json\/wp\/v2\/media?parent=30697"}],"wp:term":[{"taxonomy":"category","embeddable":true,"href":"https:\/\/fundacionagrolibano.org\/en\/wp-json\/wp\/v2\/categories?post=30697"},{"taxonomy":"post_tag","embeddable":true,"href":"https:\/\/fundacionagrolibano.org\/en\/wp-json\/wp\/v2\/tags?post=30697"}],"curies":[{"name":"wp","href":"https:\/\/api.w.org\/{rel}","templated":true}]}}