{"id":30703,"date":"2025-02-17T20:31:00","date_gmt":"2025-02-17T20:31:00","guid":{"rendered":"https:\/\/www.fundacionagrolibano.org\/?p=30703"},"modified":"2025-04-23T22:37:13","modified_gmt":"2025-04-23T22:37:13","slug":"implementacion-de-viveros-comunitarios-en-5-comunidades","status":"publish","type":"post","link":"https:\/\/fundacionagrolibano.org\/en\/implementacion-de-viveros-comunitarios-en-5-comunidades\/","title":{"rendered":"Implementation of Plant Nurseries in 5 Communities"},"content":{"rendered":"<p>On February 17, 2025, Fundaci\u00f3n Agrol\u00edbano, through its Liderazgo Consciente program, launched the creation of plant nurseries in five communities: Laurelada and Agua Agria #2 in El Corpus, San Agust\u00edn in Namasig\u00fce, Tamarindo in Apacilagua, and Altos del Estiquir\u00edn in Nacaome. The goal is to promote reforestation and environmental conservation by restoring local ecosystems through the production of seedlings from native species. A total of 115 people, including 70 women and 45 men, are being trained in techniques for substrate preparation and seed management. The\ninitiative strengthens community organization, fosters leadership, and supports the SDGs #13, #15, and #17.<\/p>","protected":false},"excerpt":{"rendered":"<p>El 17 de febrero de 2025, Fundaci\u00f3n Agrol\u00edbano, a trav\u00e9s de su programa Liderazgo Consciente, lanz\u00f3 la creaci\u00f3n de viveros comunitarios en cinco comunidades: Laurelada y Agua Agria #2 en El Corpus, San Agust\u00edn en Namasig\u00fce, Tamarindo en Apacilagua y Altos del Estiquir\u00edn en Nacaome. El objetivo es promover la reforestaci\u00f3n y conservaci\u00f3n ambiental, restaurando [&hellip;]<\/p>\n","protected":false},"author":4,"featured_media":30704,"comment_status":"open","ping_status":"open","sticky":false,"template":"","format":"standard","meta":{"footnotes":""},"categories":[3],"tags":[],"class_list":["post-30703","post","type-post","status-publish","format-standard","has-post-thumbnail","hentry","category-sala-de-prensa"],"_links":{"self":[{"href":"https:\/\/fundacionagrolibano.org\/en\/wp-json\/wp\/v2\/posts\/30703","targetHints":{"allow":["GET"]}}],"collection":[{"href":"https:\/\/fundacionagrolibano.org\/en\/wp-json\/wp\/v2\/posts"}],"about":[{"href":"https:\/\/fundacionagrolibano.org\/en\/wp-json\/wp\/v2\/types\/post"}],"author":[{"embeddable":true,"href":"https:\/\/fundacionagrolibano.org\/en\/wp-json\/wp\/v2\/users\/4"}],"replies":[{"embeddable":true,"href":"https:\/\/fundacionagrolibano.org\/en\/wp-json\/wp\/v2\/comments?post=30703"}],"version-history":[{"count":1,"href":"https:\/\/fundacionagrolibano.org\/en\/wp-json\/wp\/v2\/posts\/30703\/revisions"}],"predecessor-version":[{"id":30705,"href":"https:\/\/fundacionagrolibano.org\/en\/wp-json\/wp\/v2\/posts\/30703\/revisions\/30705"}],"wp:featuredmedia":[{"embeddable":true,"href":"https:\/\/fundacionagrolibano.org\/en\/wp-json\/wp\/v2\/media\/30704"}],"wp:attachment":[{"href":"https:\/\/fundacionagrolibano.org\/en\/wp-json\/wp\/v2\/media?parent=30703"}],"wp:term":[{"taxonomy":"category","embeddable":true,"href":"https:\/\/fundacionagrolibano.org\/en\/wp-json\/wp\/v2\/categories?post=30703"},{"taxonomy":"post_tag","embeddable":true,"href":"https:\/\/fundacionagrolibano.org\/en\/wp-json\/wp\/v2\/tags?post=30703"}],"curies":[{"name":"wp","href":"https:\/\/api.w.org\/{rel}","templated":true}]}}