{"id":30706,"date":"2025-02-21T20:34:00","date_gmt":"2025-02-21T20:34:00","guid":{"rendered":"https:\/\/www.fundacionagrolibano.org\/?p=30706"},"modified":"2025-04-21T21:00:45","modified_gmt":"2025-04-21T21:00:45","slug":"apoyo-a-la-produccion-de-productos-blandos-para-la-merienda-escolar","status":"publish","type":"post","link":"https:\/\/fundacionagrolibano.org\/en\/apoyo-a-la-produccion-de-productos-blandos-para-la-merienda-escolar\/","title":{"rendered":"Strengthening Food Security and Education\nThrough School Gardens"},"content":{"rendered":"<p>On February 21, 2025, Fundaci\u00f3n Agrol\u00edbano began a process of monitoring and technical assistance in the school gardens established in five educational centers, with greenhouse structures provided by the National Rural and Urban Sustainable Development Program (PRONADERS). This action is part of the \"Together for Education\" initiative, aimed at strengthening food security and providing practical education in sustainable cultivation.\nThe support includes proper soil preparation, seedling production, fertilizer application, and preventive measures against pests and diseases. Additionally, active participation from teachers, students, and parents has been encouraged. This initiative reaffirms the\ncommitment to sustainability and community\ndevelopment, contributing to the achievement of SDGs #4, #12, and #17, particularly in responsible production and consumption and food security.<\/p>\n\n\n\n<p><\/p>","protected":false},"excerpt":{"rendered":"<p>El 21 de febrero de 2025, Fundaci\u00f3n Agrol\u00edbano inici\u00f3 un proceso de seguimiento y asistencia t\u00e9cnica en los huertos escolares establecidos en cinco centros educativos, con estructuras tipo casa mallas proporcionadas por el Programa Nacional de Desarrollo Rural y Urbano Sostenible (PRONADERS). Esta acci\u00f3n forma parte de la iniciativa del Programa Juntos por la Educaci\u00f3n, [&hellip;]<\/p>\n","protected":false},"author":4,"featured_media":30707,"comment_status":"open","ping_status":"open","sticky":false,"template":"","format":"standard","meta":{"footnotes":""},"categories":[3],"tags":[],"class_list":["post-30706","post","type-post","status-publish","format-standard","has-post-thumbnail","hentry","category-sala-de-prensa"],"_links":{"self":[{"href":"https:\/\/fundacionagrolibano.org\/en\/wp-json\/wp\/v2\/posts\/30706","targetHints":{"allow":["GET"]}}],"collection":[{"href":"https:\/\/fundacionagrolibano.org\/en\/wp-json\/wp\/v2\/posts"}],"about":[{"href":"https:\/\/fundacionagrolibano.org\/en\/wp-json\/wp\/v2\/types\/post"}],"author":[{"embeddable":true,"href":"https:\/\/fundacionagrolibano.org\/en\/wp-json\/wp\/v2\/users\/4"}],"replies":[{"embeddable":true,"href":"https:\/\/fundacionagrolibano.org\/en\/wp-json\/wp\/v2\/comments?post=30706"}],"version-history":[{"count":1,"href":"https:\/\/fundacionagrolibano.org\/en\/wp-json\/wp\/v2\/posts\/30706\/revisions"}],"predecessor-version":[{"id":30708,"href":"https:\/\/fundacionagrolibano.org\/en\/wp-json\/wp\/v2\/posts\/30706\/revisions\/30708"}],"wp:featuredmedia":[{"embeddable":true,"href":"https:\/\/fundacionagrolibano.org\/en\/wp-json\/wp\/v2\/media\/30707"}],"wp:attachment":[{"href":"https:\/\/fundacionagrolibano.org\/en\/wp-json\/wp\/v2\/media?parent=30706"}],"wp:term":[{"taxonomy":"category","embeddable":true,"href":"https:\/\/fundacionagrolibano.org\/en\/wp-json\/wp\/v2\/categories?post=30706"},{"taxonomy":"post_tag","embeddable":true,"href":"https:\/\/fundacionagrolibano.org\/en\/wp-json\/wp\/v2\/tags?post=30706"}],"curies":[{"name":"wp","href":"https:\/\/api.w.org\/{rel}","templated":true}]}}