{"id":30716,"date":"2024-12-09T23:23:00","date_gmt":"2024-12-09T23:23:00","guid":{"rendered":"https:\/\/www.fundacionagrolibano.org\/?p=30716"},"modified":"2025-04-23T23:40:19","modified_gmt":"2025-04-23T23:40:19","slug":"celebramos-el-dia-internacional-del-voluntariado","status":"publish","type":"post","link":"https:\/\/fundacionagrolibano.org\/en\/celebramos-el-dia-internacional-del-voluntariado\/","title":{"rendered":"We celebrate International Volunteer Day"},"content":{"rendered":"<p class=\"translation-block\">December 5 and 9, 2024. Today, at Fundaci\u00f3n Agrol\u00edbano, we are proud to share with more than 200 volunteers and community leaders who, through their dedication and effort, are transforming the reality of 18 rural communities in the departments of Valle and Choluteca. Through their voluntary action, these valuable collaborators offer their time and skills to improve living conditions and promote inclusive and proactive participation in community development self-management. This event, funded by FAINC Bridges of Hope, highlights the positive impact that volunteers generate in our communities. Thanks to their commitment, we are moving towards a more just and sustainable future, while contributing to the Sustainable Development Goals (SDGs) of the 2030 Agenda, focused on eradicating poverty, protecting the planet, and ensuring prosperity for all. The collective effort of our volunteers and leaders is fostering peace, environmental sustainability, and the strengthening of local autonomy, which are key to achieving sustainable development. Thank you all for being agents of change and for your invaluable support!<\/p>\n\n\n\n<p><\/p>","protected":false},"excerpt":{"rendered":"<p>5 y 9 de diciembre 2024. Hoy, en Fundaci\u00f3n Agrol\u00edbano, nos sentimos orgullosos de compartir con m\u00e1s de 200 voluntarios y l\u00edderes comunitarios que, con su dedicaci\u00f3n y esfuerzo, est\u00e1n transformando la realidad de 18 comunidades rurales en los departamentos de Valle y Choluteca. A trav\u00e9s de su acci\u00f3n voluntaria, estos valiosos colaboradores ofrecen su [&hellip;]<\/p>\n","protected":false},"author":4,"featured_media":30717,"comment_status":"open","ping_status":"open","sticky":false,"template":"","format":"standard","meta":{"footnotes":""},"categories":[3],"tags":[],"class_list":["post-30716","post","type-post","status-publish","format-standard","has-post-thumbnail","hentry","category-sala-de-prensa"],"_links":{"self":[{"href":"https:\/\/fundacionagrolibano.org\/en\/wp-json\/wp\/v2\/posts\/30716","targetHints":{"allow":["GET"]}}],"collection":[{"href":"https:\/\/fundacionagrolibano.org\/en\/wp-json\/wp\/v2\/posts"}],"about":[{"href":"https:\/\/fundacionagrolibano.org\/en\/wp-json\/wp\/v2\/types\/post"}],"author":[{"embeddable":true,"href":"https:\/\/fundacionagrolibano.org\/en\/wp-json\/wp\/v2\/users\/4"}],"replies":[{"embeddable":true,"href":"https:\/\/fundacionagrolibano.org\/en\/wp-json\/wp\/v2\/comments?post=30716"}],"version-history":[{"count":2,"href":"https:\/\/fundacionagrolibano.org\/en\/wp-json\/wp\/v2\/posts\/30716\/revisions"}],"predecessor-version":[{"id":30729,"href":"https:\/\/fundacionagrolibano.org\/en\/wp-json\/wp\/v2\/posts\/30716\/revisions\/30729"}],"wp:featuredmedia":[{"embeddable":true,"href":"https:\/\/fundacionagrolibano.org\/en\/wp-json\/wp\/v2\/media\/30717"}],"wp:attachment":[{"href":"https:\/\/fundacionagrolibano.org\/en\/wp-json\/wp\/v2\/media?parent=30716"}],"wp:term":[{"taxonomy":"category","embeddable":true,"href":"https:\/\/fundacionagrolibano.org\/en\/wp-json\/wp\/v2\/categories?post=30716"},{"taxonomy":"post_tag","embeddable":true,"href":"https:\/\/fundacionagrolibano.org\/en\/wp-json\/wp\/v2\/tags?post=30716"}],"curies":[{"name":"wp","href":"https:\/\/api.w.org\/{rel}","templated":true}]}}