{"id":30722,"date":"2024-12-15T23:31:00","date_gmt":"2024-12-15T23:31:00","guid":{"rendered":"https:\/\/www.fundacionagrolibano.org\/?p=30722"},"modified":"2025-04-23T23:38:08","modified_gmt":"2025-04-23T23:38:08","slug":"reduccion-de-privaciones-de-pobreza-multidimensional-en-el-marco-de-la-estrategia-de-vivienda-saludable","status":"publish","type":"post","link":"https:\/\/fundacionagrolibano.org\/en\/reduccion-de-privaciones-de-pobreza-multidimensional-en-el-marco-de-la-estrategia-de-vivienda-saludable\/","title":{"rendered":"Reduction of Multidimensional Poverty Deprivations within the framework of the Healthy Housing strategy"},"content":{"rendered":"<p>December 2024, 32 families with children under the age of 6 from 7 communities in Valle, Honduras have improved their housing conditions through the Healthy Families Program by constructing 12 latrines and 20 eco-stoves, thereby reducing deprivations linked to multidimensional poverty. This effort is part of an integrated strategy that aims to strengthen not only the construction of infrastructure but also the capacities of families and communities for self-care, promoting healthy living conditions and lifestyles. Additionally, this project is financially supported by Dole Europe BV, enabling both families and community leadership to contribute to the achievement of SDGs 1, 3, 6, 16, and 17.<\/p>","protected":false},"excerpt":{"rendered":"<p>Diciembre, 2024, 32 familias con ni\u00f1os menores de 6 a\u00f1os de 7 comunidades en Valle, Honduras han logrado mejorar las condiciones de sus viviendas a trav\u00e9s del Programa Familias Saludables con la construcci\u00f3n de 12 letrinas y 20 ecofogones, logrando reducir as\u00ed privaciones vinculadas a la pobreza multidimensional. Este esfuerzo es parte de la estrategia [&hellip;]<\/p>\n","protected":false},"author":4,"featured_media":30723,"comment_status":"open","ping_status":"open","sticky":false,"template":"","format":"standard","meta":{"footnotes":""},"categories":[3],"tags":[],"class_list":["post-30722","post","type-post","status-publish","format-standard","has-post-thumbnail","hentry","category-sala-de-prensa"],"_links":{"self":[{"href":"https:\/\/fundacionagrolibano.org\/en\/wp-json\/wp\/v2\/posts\/30722","targetHints":{"allow":["GET"]}}],"collection":[{"href":"https:\/\/fundacionagrolibano.org\/en\/wp-json\/wp\/v2\/posts"}],"about":[{"href":"https:\/\/fundacionagrolibano.org\/en\/wp-json\/wp\/v2\/types\/post"}],"author":[{"embeddable":true,"href":"https:\/\/fundacionagrolibano.org\/en\/wp-json\/wp\/v2\/users\/4"}],"replies":[{"embeddable":true,"href":"https:\/\/fundacionagrolibano.org\/en\/wp-json\/wp\/v2\/comments?post=30722"}],"version-history":[{"count":2,"href":"https:\/\/fundacionagrolibano.org\/en\/wp-json\/wp\/v2\/posts\/30722\/revisions"}],"predecessor-version":[{"id":30728,"href":"https:\/\/fundacionagrolibano.org\/en\/wp-json\/wp\/v2\/posts\/30722\/revisions\/30728"}],"wp:featuredmedia":[{"embeddable":true,"href":"https:\/\/fundacionagrolibano.org\/en\/wp-json\/wp\/v2\/media\/30723"}],"wp:attachment":[{"href":"https:\/\/fundacionagrolibano.org\/en\/wp-json\/wp\/v2\/media?parent=30722"}],"wp:term":[{"taxonomy":"category","embeddable":true,"href":"https:\/\/fundacionagrolibano.org\/en\/wp-json\/wp\/v2\/categories?post=30722"},{"taxonomy":"post_tag","embeddable":true,"href":"https:\/\/fundacionagrolibano.org\/en\/wp-json\/wp\/v2\/tags?post=30722"}],"curies":[{"name":"wp","href":"https:\/\/api.w.org\/{rel}","templated":true}]}}