{"id":30725,"date":"2024-12-18T23:34:00","date_gmt":"2024-12-18T23:34:00","guid":{"rendered":"https:\/\/www.fundacionagrolibano.org\/?p=30725"},"modified":"2025-04-23T23:35:53","modified_gmt":"2025-04-23T23:35:53","slug":"liderazgo-consciente-impulsando-el-desarrollo-comunitario","status":"publish","type":"post","link":"https:\/\/fundacionagrolibano.org\/en\/liderazgo-consciente-impulsando-el-desarrollo-comunitario\/","title":{"rendered":"Conscious Leadership: Driving Community Development"},"content":{"rendered":"<p>Diciembre 2024<\/p>\n\n\n\n<p class=\"translation-block\">In the last quarter of 2024, the Conscious Leadership program has supported 5 communities in the process of formulating projects to participate in grant calls. The projects, which have been identified in school safety and the reduction of deprivations linked to multidimensional poverty, aim to improve the living conditions of the communities, prioritizing unmet basic needs.<\/p>\n\n\n\n<p class=\"translation-block\">Thanks to the participation of 87 community leaders (76 women and 11 men), the formulation of these projects is progressing with everyone's commitment, contributing to SDGs #1, #3, #4, #6, #16, and #17. This process highlights the importance of local leadership and community collaboration in sustainable development.<\/p>","protected":false},"excerpt":{"rendered":"<p>Diciembre 2024 En el \u00faltimo trimestre de 2024, el programa Liderazgo Consciente ha acompa\u00f1ado a 5 comunidades en el proceso de formulaci\u00f3n de proyectos para participar en convocatorias de subvenciones. Los proyectos, se han identificado en seguridad escolar y reducci\u00f3n de privaciones vinculadas a la pobreza multidimensional, buscan mejorar las condiciones de vida de las [&hellip;]<\/p>\n","protected":false},"author":4,"featured_media":30726,"comment_status":"open","ping_status":"open","sticky":false,"template":"","format":"standard","meta":{"footnotes":""},"categories":[3],"tags":[],"class_list":["post-30725","post","type-post","status-publish","format-standard","has-post-thumbnail","hentry","category-sala-de-prensa"],"_links":{"self":[{"href":"https:\/\/fundacionagrolibano.org\/en\/wp-json\/wp\/v2\/posts\/30725","targetHints":{"allow":["GET"]}}],"collection":[{"href":"https:\/\/fundacionagrolibano.org\/en\/wp-json\/wp\/v2\/posts"}],"about":[{"href":"https:\/\/fundacionagrolibano.org\/en\/wp-json\/wp\/v2\/types\/post"}],"author":[{"embeddable":true,"href":"https:\/\/fundacionagrolibano.org\/en\/wp-json\/wp\/v2\/users\/4"}],"replies":[{"embeddable":true,"href":"https:\/\/fundacionagrolibano.org\/en\/wp-json\/wp\/v2\/comments?post=30725"}],"version-history":[{"count":1,"href":"https:\/\/fundacionagrolibano.org\/en\/wp-json\/wp\/v2\/posts\/30725\/revisions"}],"predecessor-version":[{"id":30727,"href":"https:\/\/fundacionagrolibano.org\/en\/wp-json\/wp\/v2\/posts\/30725\/revisions\/30727"}],"wp:featuredmedia":[{"embeddable":true,"href":"https:\/\/fundacionagrolibano.org\/en\/wp-json\/wp\/v2\/media\/30726"}],"wp:attachment":[{"href":"https:\/\/fundacionagrolibano.org\/en\/wp-json\/wp\/v2\/media?parent=30725"}],"wp:term":[{"taxonomy":"category","embeddable":true,"href":"https:\/\/fundacionagrolibano.org\/en\/wp-json\/wp\/v2\/categories?post=30725"},{"taxonomy":"post_tag","embeddable":true,"href":"https:\/\/fundacionagrolibano.org\/en\/wp-json\/wp\/v2\/tags?post=30725"}],"curies":[{"name":"wp","href":"https:\/\/api.w.org\/{rel}","templated":true}]}}