{"id":30752,"date":"2025-04-28T15:28:00","date_gmt":"2025-04-28T15:28:00","guid":{"rendered":"https:\/\/www.fundacionagrolibano.org\/?p=30752"},"modified":"2025-05-28T15:31:09","modified_gmt":"2025-05-28T15:31:09","slug":"fundacion-agrolibano-impulsa-la-reinsercion-y-retencion-escolar-en-18-comunidades-del-sur-de-honduras","status":"publish","type":"post","link":"https:\/\/fundacionagrolibano.org\/en\/fundacion-agrolibano-impulsa-la-reinsercion-y-retencion-escolar-en-18-comunidades-del-sur-de-honduras\/","title":{"rendered":"Fundaci\u00f3n agrol\u00edbano advances school reintegration and retention efforts across 18 communities in southern honduras."},"content":{"rendered":"<p>Durante el primer trimestre del a\u00f1o lectivo 2025, Fundaci\u00f3n Agrol\u00edbano implement\u00f3 acciones clave para fortalecer la permanencia escolar en alianza con las 14 Asociaciones de Padres y Madres de Familia (APF), logrando identificar y reincorporar a ni\u00f1os y ni\u00f1as fuera del sistema educativo.<\/p>\n\n\n\n<p>During the first quarter of the 2025 school year, Fundaci\u00f3n Agrol\u00edbano\nimplemented key actions to strengthen school retention in\ncollaboration with 14 Parent Associations (APFs), successfully\nidentifying and reintegrating children who were out of the education\nsystem.\nAs part of this effort, school supply kits were distributed to 90 students\nin lower, middle, and upper basic education, while educational\nmaterials were provided to 240 preschool-aged children under the\nage of six.\nThese initiatives are part of the Juntos por la Educaci\u00f3n (Together for\nEducation) program, within the framework of the project \u201cImproving\nConditions for Inclusion, Retention, and Learning in Rural Schools,\u201d cofinanced by Tesco. The project includes enrollment tracking, schoolage population reviews, and home visits led by the APFs, with technical\nsupport from Fundaci\u00f3n Agrol\u00edbano.\nThrough this collective commitment, we continue contributing to the\nachievement of Sustainable Development Goals (SDGs) 4 and 17.<\/p>\n\n\n\n<p>Estas acciones forman parte del programa Juntos por la Educaci\u00f3n, en el marco del proyecto \u201cMejoras en las condiciones de inclusi\u00f3n, permanencia y aprendizaje en las escuelas rurales\u201d, cofinanciado por la empresa Tesco. El proyecto incluye seguimiento de matr\u00edcula, revisi\u00f3n de poblaci\u00f3n en edad escolar y visitas domiciliares lideradas por las APF, con el acompa\u00f1amiento t\u00e9cnico de Fundaci\u00f3n Agrol\u00edbano. Con este compromiso colectivo, seguimos aportando al cumplimiento de los ODS 4 y 17.<\/p>","protected":false},"excerpt":{"rendered":"<p>Durante el primer trimestre del a\u00f1o lectivo 2025, Fundaci\u00f3n Agrol\u00edbano implement\u00f3 acciones clave para fortalecer la permanencia escolar en alianza con las 14 Asociaciones de Padres y Madres de Familia (APF), logrando identificar y reincorporar a ni\u00f1os y ni\u00f1as fuera del sistema educativo. Como parte de este esfuerzo, se entregaron kits escolares a 90 estudiantes [&hellip;]<\/p>\n","protected":false},"author":4,"featured_media":30753,"comment_status":"open","ping_status":"open","sticky":false,"template":"","format":"standard","meta":{"footnotes":""},"categories":[3],"tags":[],"class_list":["post-30752","post","type-post","status-publish","format-standard","has-post-thumbnail","hentry","category-sala-de-prensa"],"_links":{"self":[{"href":"https:\/\/fundacionagrolibano.org\/en\/wp-json\/wp\/v2\/posts\/30752","targetHints":{"allow":["GET"]}}],"collection":[{"href":"https:\/\/fundacionagrolibano.org\/en\/wp-json\/wp\/v2\/posts"}],"about":[{"href":"https:\/\/fundacionagrolibano.org\/en\/wp-json\/wp\/v2\/types\/post"}],"author":[{"embeddable":true,"href":"https:\/\/fundacionagrolibano.org\/en\/wp-json\/wp\/v2\/users\/4"}],"replies":[{"embeddable":true,"href":"https:\/\/fundacionagrolibano.org\/en\/wp-json\/wp\/v2\/comments?post=30752"}],"version-history":[{"count":1,"href":"https:\/\/fundacionagrolibano.org\/en\/wp-json\/wp\/v2\/posts\/30752\/revisions"}],"predecessor-version":[{"id":30754,"href":"https:\/\/fundacionagrolibano.org\/en\/wp-json\/wp\/v2\/posts\/30752\/revisions\/30754"}],"wp:featuredmedia":[{"embeddable":true,"href":"https:\/\/fundacionagrolibano.org\/en\/wp-json\/wp\/v2\/media\/30753"}],"wp:attachment":[{"href":"https:\/\/fundacionagrolibano.org\/en\/wp-json\/wp\/v2\/media?parent=30752"}],"wp:term":[{"taxonomy":"category","embeddable":true,"href":"https:\/\/fundacionagrolibano.org\/en\/wp-json\/wp\/v2\/categories?post=30752"},{"taxonomy":"post_tag","embeddable":true,"href":"https:\/\/fundacionagrolibano.org\/en\/wp-json\/wp\/v2\/tags?post=30752"}],"curies":[{"name":"wp","href":"https:\/\/api.w.org\/{rel}","templated":true}]}}