{"id":30758,"date":"2025-04-28T15:53:00","date_gmt":"2025-04-28T15:53:00","guid":{"rendered":"https:\/\/www.fundacionagrolibano.org\/?p=30758"},"modified":"2025-05-28T15:56:41","modified_gmt":"2025-05-28T15:56:41","slug":"cajas-rurales-fortalecen-capacidades-mediante-intercambio-de-experiencias","status":"publish","type":"post","link":"https:\/\/fundacionagrolibano.org\/en\/cajas-rurales-fortalecen-capacidades-mediante-intercambio-de-experiencias\/","title":{"rendered":"Rural savings banks strengthen capacities through knowledge exchange"},"content":{"rendered":"<p>Six Rural Savings and Credit Groups from the departments of Valle and Choluteca participated in a valuable knowledge exchange aimed at sharing best practices, addressing common challenges, and promoting the economic and social development of their communities. Throughout the session, board members and associates enhanced their operational and strategic capabilities by learning from successful experiences and adopting innovative approaches tailored to the unique contexts of each community. This initiative promotes continuous improvement in the financial services and processes offered by rural savings groups, strengthening their long-term sustainability. The exchange is part of Fundaci\u00f3n Agrol\u00edbano\u2019s Conscious Leadership Program and aligns with SDGs 1, 5, 8, 10, 16, and 17.\nhttps:\/\/youtu.be\/Soy75qX-eYk?si=eJUEy3Ni9Oi8Qijc  <a href=\"https:\/\/youtu.be\/Soy75qX-eYk?si=eJUEy3Ni9Oi8Qijc\">https:\/\/youtu.be\/Soy75qX-eYk?si=eJUEy3Ni9Oi8Qijc<\/a><\/p>\n\n\n\n<figure class=\"wp-block-embed is-type-video is-provider-youtube wp-block-embed-youtube wp-embed-aspect-16-9 wp-has-aspect-ratio\"><div class=\"wp-block-embed__wrapper\">\n<iframe title=\"INETRCAMBIO CRACs\" width=\"1140\" height=\"641\" src=\"https:\/\/www.youtube.com\/embed\/Soy75qX-eYk?feature=oembed\" frameborder=\"0\" allow=\"accelerometer; autoplay; clipboard-write; encrypted-media; gyroscope; picture-in-picture; web-share\" referrerpolicy=\"strict-origin-when-cross-origin\" allowfullscreen><\/iframe>\n<\/div><\/figure>\n\n\n\n<p><\/p>","protected":false},"excerpt":{"rendered":"<p>Seis Cajas Rurales de Ahorro y Cr\u00e9dito de los departamentos de Valle y Choluteca participaron en un enriquecedor intercambio de experiencias, orientado a compartir buenas pr\u00e1cticas, enfrentar desaf\u00edos comunes y promover el desarrollo econ\u00f3mico y social de sus comunidades. Durante la jornada, directivos y socios fortalecieron sus capacidades operativas y estrat\u00e9gicas, aprendiendo de experiencias exitosas [&hellip;]<\/p>\n","protected":false},"author":4,"featured_media":30759,"comment_status":"open","ping_status":"open","sticky":false,"template":"","format":"standard","meta":{"footnotes":""},"categories":[3],"tags":[],"class_list":["post-30758","post","type-post","status-publish","format-standard","has-post-thumbnail","hentry","category-sala-de-prensa"],"_links":{"self":[{"href":"https:\/\/fundacionagrolibano.org\/en\/wp-json\/wp\/v2\/posts\/30758","targetHints":{"allow":["GET"]}}],"collection":[{"href":"https:\/\/fundacionagrolibano.org\/en\/wp-json\/wp\/v2\/posts"}],"about":[{"href":"https:\/\/fundacionagrolibano.org\/en\/wp-json\/wp\/v2\/types\/post"}],"author":[{"embeddable":true,"href":"https:\/\/fundacionagrolibano.org\/en\/wp-json\/wp\/v2\/users\/4"}],"replies":[{"embeddable":true,"href":"https:\/\/fundacionagrolibano.org\/en\/wp-json\/wp\/v2\/comments?post=30758"}],"version-history":[{"count":2,"href":"https:\/\/fundacionagrolibano.org\/en\/wp-json\/wp\/v2\/posts\/30758\/revisions"}],"predecessor-version":[{"id":30768,"href":"https:\/\/fundacionagrolibano.org\/en\/wp-json\/wp\/v2\/posts\/30758\/revisions\/30768"}],"wp:featuredmedia":[{"embeddable":true,"href":"https:\/\/fundacionagrolibano.org\/en\/wp-json\/wp\/v2\/media\/30759"}],"wp:attachment":[{"href":"https:\/\/fundacionagrolibano.org\/en\/wp-json\/wp\/v2\/media?parent=30758"}],"wp:term":[{"taxonomy":"category","embeddable":true,"href":"https:\/\/fundacionagrolibano.org\/en\/wp-json\/wp\/v2\/categories?post=30758"},{"taxonomy":"post_tag","embeddable":true,"href":"https:\/\/fundacionagrolibano.org\/en\/wp-json\/wp\/v2\/tags?post=30758"}],"curies":[{"name":"wp","href":"https:\/\/api.w.org\/{rel}","templated":true}]}}