{"id":30815,"date":"2025-05-25T20:20:00","date_gmt":"2025-05-25T20:20:00","guid":{"rendered":"https:\/\/www.fundacionagrolibano.org\/?p=30815"},"modified":"2025-07-02T16:54:29","modified_gmt":"2025-07-02T16:54:29","slug":"paipi-reduce-indice-de-desnutricion-infantil-a-4-46-con-atencion-integral-a-mas-de-680-ninos-2","status":"publish","type":"post","link":"https:\/\/fundacionagrolibano.org\/en\/paipi-reduce-indice-de-desnutricion-infantil-a-4-46-con-atencion-integral-a-mas-de-680-ninos-2\/","title":{"rendered":"Fundaci\u00f3n agrol\u00edbano strengthens leadership of parents\u2019 associations in 14 educational centers"},"content":{"rendered":"<p>As part of the Together for Education program, Fundaci\u00f3n Agrol\u00edbano conducted training sessions for the boards of the Parents\u2019 Associations of 14 educational centers. The workshops reinforced knowledge on role responsibilities, decision-making, assertive communication, and teamwork\u2014key elements for their role in education and community development. A total of 71 out of 98 APF members for 2025 participated, representing 72%, including 62 women and 9 men. This effort reaffirms the commitment of mothers and fathers to education and their contribution to achieving SDGs 4, 5, and 17.<\/p>","protected":false},"excerpt":{"rendered":"<p>Durante el primer trimestre de 2025, el Programa de Atenci\u00f3n Integral a la Primera Infancia (PAIPI) atendi\u00f3 a 683 ni\u00f1as y ni\u00f1os menores de 6 a\u00f1os a trav\u00e9s de 77 sesiones de vigilancia nutricional, incluyendo 24 con pr\u00e1cticas de estimulaci\u00f3n temprana. Los datos de peso recolectados se procesan con el software Anthro de la OMS, [&hellip;]<\/p>\n","protected":false},"author":4,"featured_media":30816,"comment_status":"open","ping_status":"open","sticky":false,"template":"","format":"standard","meta":{"footnotes":""},"categories":[3],"tags":[],"class_list":["post-30815","post","type-post","status-publish","format-standard","has-post-thumbnail","hentry","category-sala-de-prensa"],"_links":{"self":[{"href":"https:\/\/fundacionagrolibano.org\/en\/wp-json\/wp\/v2\/posts\/30815","targetHints":{"allow":["GET"]}}],"collection":[{"href":"https:\/\/fundacionagrolibano.org\/en\/wp-json\/wp\/v2\/posts"}],"about":[{"href":"https:\/\/fundacionagrolibano.org\/en\/wp-json\/wp\/v2\/types\/post"}],"author":[{"embeddable":true,"href":"https:\/\/fundacionagrolibano.org\/en\/wp-json\/wp\/v2\/users\/4"}],"replies":[{"embeddable":true,"href":"https:\/\/fundacionagrolibano.org\/en\/wp-json\/wp\/v2\/comments?post=30815"}],"version-history":[{"count":1,"href":"https:\/\/fundacionagrolibano.org\/en\/wp-json\/wp\/v2\/posts\/30815\/revisions"}],"predecessor-version":[{"id":30817,"href":"https:\/\/fundacionagrolibano.org\/en\/wp-json\/wp\/v2\/posts\/30815\/revisions\/30817"}],"wp:featuredmedia":[{"embeddable":true,"href":"https:\/\/fundacionagrolibano.org\/en\/wp-json\/wp\/v2\/media\/30816"}],"wp:attachment":[{"href":"https:\/\/fundacionagrolibano.org\/en\/wp-json\/wp\/v2\/media?parent=30815"}],"wp:term":[{"taxonomy":"category","embeddable":true,"href":"https:\/\/fundacionagrolibano.org\/en\/wp-json\/wp\/v2\/categories?post=30815"},{"taxonomy":"post_tag","embeddable":true,"href":"https:\/\/fundacionagrolibano.org\/en\/wp-json\/wp\/v2\/tags?post=30815"}],"curies":[{"name":"wp","href":"https:\/\/api.w.org\/{rel}","templated":true}]}}