{"id":30818,"date":"2025-05-25T20:26:00","date_gmt":"2025-05-25T20:26:00","guid":{"rendered":"https:\/\/www.fundacionagrolibano.org\/?p=30818"},"modified":"2025-07-02T16:55:26","modified_gmt":"2025-07-02T16:55:26","slug":"intercambio-que-transforma-fundacion-quintanilla-amaya-visita-nuestras-comunidades","status":"publish","type":"post","link":"https:\/\/fundacionagrolibano.org\/en\/intercambio-que-transforma-fundacion-quintanilla-amaya-visita-nuestras-comunidades\/","title":{"rendered":"Transformative exchange: fundaci\u00f3n quintanilla amaya visits our communities"},"content":{"rendered":"<p>On May 23 and 24, Fundaci\u00f3n Agrol\u00edbano welcomed the team from Fundaci\u00f3n Quintanilla Amaya for a meaningful exchange of experiences in the communities of Valle and Choluteca. During the visit, dialogues were held with community leaders, and valuable insights were shared regarding the use of the Multidimensional Poverty Index as a key tool for social action. Additionally, the \u201cWeaving Hope\u201d workshop was conducted with 16 women leaders from rural savings groups, promoting empowerment and holistic development from a human and transformative perspective. This exchange reaffirms the power of collaborative networks in driving stronger and more sustainable communities<\/p>\n\n\n\n<p><\/p>","protected":false},"excerpt":{"rendered":"<p>Los d\u00edas 23 y 24 de mayo, Fundaci\u00f3n Agrol\u00edbano recibi\u00f3 al equipo de Fundaci\u00f3n Quintanilla Amaya para un valioso intercambio de experiencias en las comunidades de Valle y Choluteca. Durante la visita, se realizaron conversatorios con l\u00edderes comunitarios y se compartieron aprendizajes en torno al uso del \u00cdndice de Pobreza Multidimensional como herramienta clave en [&hellip;]<\/p>\n","protected":false},"author":4,"featured_media":30819,"comment_status":"open","ping_status":"open","sticky":false,"template":"","format":"standard","meta":{"footnotes":""},"categories":[3],"tags":[],"class_list":["post-30818","post","type-post","status-publish","format-standard","has-post-thumbnail","hentry","category-sala-de-prensa"],"_links":{"self":[{"href":"https:\/\/fundacionagrolibano.org\/en\/wp-json\/wp\/v2\/posts\/30818","targetHints":{"allow":["GET"]}}],"collection":[{"href":"https:\/\/fundacionagrolibano.org\/en\/wp-json\/wp\/v2\/posts"}],"about":[{"href":"https:\/\/fundacionagrolibano.org\/en\/wp-json\/wp\/v2\/types\/post"}],"author":[{"embeddable":true,"href":"https:\/\/fundacionagrolibano.org\/en\/wp-json\/wp\/v2\/users\/4"}],"replies":[{"embeddable":true,"href":"https:\/\/fundacionagrolibano.org\/en\/wp-json\/wp\/v2\/comments?post=30818"}],"version-history":[{"count":2,"href":"https:\/\/fundacionagrolibano.org\/en\/wp-json\/wp\/v2\/posts\/30818\/revisions"}],"predecessor-version":[{"id":30822,"href":"https:\/\/fundacionagrolibano.org\/en\/wp-json\/wp\/v2\/posts\/30818\/revisions\/30822"}],"wp:featuredmedia":[{"embeddable":true,"href":"https:\/\/fundacionagrolibano.org\/en\/wp-json\/wp\/v2\/media\/30819"}],"wp:attachment":[{"href":"https:\/\/fundacionagrolibano.org\/en\/wp-json\/wp\/v2\/media?parent=30818"}],"wp:term":[{"taxonomy":"category","embeddable":true,"href":"https:\/\/fundacionagrolibano.org\/en\/wp-json\/wp\/v2\/categories?post=30818"},{"taxonomy":"post_tag","embeddable":true,"href":"https:\/\/fundacionagrolibano.org\/en\/wp-json\/wp\/v2\/tags?post=30818"}],"curies":[{"name":"wp","href":"https:\/\/api.w.org\/{rel}","templated":true}]}}